{"id":32385,"date":"2025-05-30T10:56:24","date_gmt":"2025-05-30T07:56:24","guid":{"rendered":"https:\/\/www.egemtv.com\/?p=32385"},"modified":"2025-05-30T10:56:30","modified_gmt":"2025-05-30T07:56:30","slug":"gedizde-kitapseverler-kursu-okuma-kulubunde-bulusuyor","status":"publish","type":"post","link":"https:\/\/www.egemtv.com\/?p=32385","title":{"rendered":"Gediz\u2019de kitapseverler &#8220;K\u00fcrs\u00fc Okuma Kul\u00fcb\u00fc&#8221;nde bulu\u015fuyor"},"content":{"rendered":"<p>K\u00fctahya\u2019n\u0131n Gediz il\u00e7esinde, okuma al\u0131\u015fkanl\u0131\u011f\u0131n\u0131 yayg\u0131nla\u015ft\u0131rmak ve ortak bir d\u00fc\u015f\u00fcnce d\u00fcnyas\u0131 olu\u015fturmak amac\u0131yla &#8220;K\u00fcrs\u00fc Okuma Kul\u00fcb\u00fc&#8221; kuruldu.<br \/>\n<br \/>Mahmut Bahadur, Hamiyet Cing\u00f6z Cang\u00fcr ve Sel\u00e7uk Aslan\u2019\u0131n \u00f6nc\u00fcl\u00fc\u011f\u00fcnde hayata ge\u00e7en kul\u00fcp, her ay belirlenen bir kitab\u0131 birlikte okuyarak \u00fcyeleri aras\u0131nda fikir al\u0131\u015fveri\u015fini te\u015fvik etmeyi ama\u00e7l\u0131yor. Kul\u00fcp kurucular\u0131, okuman\u0131n sadece bireysel bir eylem olman\u0131n \u00f6tesinde, toplumsal bir payla\u015f\u0131m oldu\u011funa inanan kitapseverleri bir araya getirmeyi hedefliyor. &#8220;K\u00fcrs\u00fc Okuma Kul\u00fcb\u00fc&#8221; etkinlikleri kapsam\u0131nda, ayda bir d\u00fczenlenecek de\u011ferlendirme toplant\u0131lar\u0131nda edebiyat ve d\u00fc\u015f\u00fcnce d\u00fcnyas\u0131na dair derinlemesine sohbetler yap\u0131lmas\u0131 ve ortak bir k\u00fclt\u00fcrel zemin olu\u015fturulmas\u0131 planlan\u0131yor.<br \/>\n<br \/>Kul\u00fcp y\u00f6netimi taraf\u0131ndan yap\u0131lan a\u00e7\u0131klamada, &#8220;Okumaya, d\u00fc\u015f\u00fcnmeye ve payla\u015fmaya de\u011fer veren bir topluluk olarak K\u00fcrs\u00fc Okuma Kul\u00fcb\u00fc \u00e7at\u0131s\u0131 alt\u0131nda bir araya geliyoruz. Amac\u0131m\u0131z yaln\u0131zca kitap okumak de\u011fil, kitab\u0131 anlamak, yorumlamak ve birlikte geli\u015fmektir. Herkesi bu keyifli ve zihin a\u00e7\u0131c\u0131 yolculu\u011fa davet ediyoruz,&#8221; ifadelerine yer verildi.<br \/>\n<br \/>Okumaya g\u00f6n\u00fcl vermi\u015f t\u00fcm kitapseverlerin kat\u0131l\u0131m\u0131na a\u00e7\u0131k olan K\u00fcrs\u00fc Okuma Kul\u00fcb\u00fc, ilk okuyaca\u011f\u0131 kitab\u0131 ve ilk toplant\u0131 tarihini yak\u0131n zamanda kamuoyuyla payla\u015facak.<br \/><\/p>\n","protected":false},"excerpt":{"rendered":"<p>K\u00fctahya\u2019n\u0131n Gediz il\u00e7esinde, okuma al\u0131\u015fkanl\u0131\u011f\u0131n\u0131 yayg\u0131nla\u015ft\u0131rmak ve ortak bir d\u00fc\u015f\u00fcnce d\u00fcnyas\u0131 olu\u015fturmak amac\u0131yla &#8220;K\u00fcrs\u00fc Okuma Kul\u00fcb\u00fc&#8221; kuruldu. Mahmut Bahadur, Hamiyet Cing\u00f6z Cang\u00fcr ve Sel\u00e7uk Aslan\u2019\u0131n \u00f6nc\u00fcl\u00fc\u011f\u00fcnde hayata ge\u00e7en kul\u00fcp, her ay belirlenen bir kitab\u0131 birlikte okuyarak \u00fcyeleri aras\u0131nda fikir al\u0131\u015fveri\u015fini te\u015fvik etmeyi ama\u00e7l\u0131yor. Kul\u00fcp kurucular\u0131, okuman\u0131n sadece bireysel bir eylem olman\u0131n \u00f6tesinde, toplumsal bir payla\u015f\u0131m&#8230;<\/p>\n","protected":false},"author":1,"featured_media":32386,"comment_status":"open","ping_status":"open","sticky":false,"template":"","format":"standard","meta":{"_crdt_document":"","footnotes":""},"categories":[123],"tags":[],"class_list":["post-32385","post","type-post","status-publish","format-standard","has-post-thumbnail","hentry","category-gundem"],"_links":{"self":[{"href":"https:\/\/www.egemtv.com\/index.php?rest_route=\/wp\/v2\/posts\/32385","targetHints":{"allow":["GET"]}}],"collection":[{"href":"https:\/\/www.egemtv.com\/index.php?rest_route=\/wp\/v2\/posts"}],"about":[{"href":"https:\/\/www.egemtv.com\/index.php?rest_route=\/wp\/v2\/types\/post"}],"author":[{"embeddable":true,"href":"https:\/\/www.egemtv.com\/index.php?rest_route=\/wp\/v2\/users\/1"}],"replies":[{"embeddable":true,"href":"https:\/\/www.egemtv.com\/index.php?rest_route=%2Fwp%2Fv2%2Fcomments&post=32385"}],"version-history":[{"count":1,"href":"https:\/\/www.egemtv.com\/index.php?rest_route=\/wp\/v2\/posts\/32385\/revisions"}],"predecessor-version":[{"id":32387,"href":"https:\/\/www.egemtv.com\/index.php?rest_route=\/wp\/v2\/posts\/32385\/revisions\/32387"}],"wp:featuredmedia":[{"embeddable":true,"href":"https:\/\/www.egemtv.com\/index.php?rest_route=\/wp\/v2\/media\/32386"}],"wp:attachment":[{"href":"https:\/\/www.egemtv.com\/index.php?rest_route=%2Fwp%2Fv2%2Fmedia&parent=32385"}],"wp:term":[{"taxonomy":"category","embeddable":true,"href":"https:\/\/www.egemtv.com\/index.php?rest_route=%2Fwp%2Fv2%2Fcategories&post=32385"},{"taxonomy":"post_tag","embeddable":true,"href":"https:\/\/www.egemtv.com\/index.php?rest_route=%2Fwp%2Fv2%2Ftags&post=32385"}],"curies":[{"name":"wp","href":"https:\/\/api.w.org\/{rel}","templated":true}]}}