{"id":32382,"date":"2025-05-30T10:56:19","date_gmt":"2025-05-30T07:56:19","guid":{"rendered":"https:\/\/www.egemtv.com\/?p=32382"},"modified":"2025-05-30T10:56:24","modified_gmt":"2025-05-30T07:56:24","slug":"thynin-connect-to-turkiye-etkinligi-izmirde-buyuk-ilgi-gordu","status":"publish","type":"post","link":"https:\/\/www.egemtv.com\/?p=32382","title":{"rendered":"THY\u2019nin &#8220;Connect to T\u00fcrkiye&#8221; etkinli\u011fi \u0130zmir\u2019de b\u00fcy\u00fck ilgi g\u00f6rd\u00fc"},"content":{"rendered":"<p>T\u00fcrk Hava Yollar\u0131 (THY), T\u00fcrkiye\u2019nin k\u00fclt\u00fcrel ve turistik zenginliklerini d\u00fcnyaya tan\u0131tmak amac\u0131yla s\u00fcrd\u00fcrd\u00fc\u011f\u00fc &#8220;Connect to T\u00fcrkiye&#8221; etkinlik serisinin yeni dura\u011f\u0131nda, Ege\u2019nin kalbi \u0130zmir\u2019de turizm profesyonellerini a\u011f\u0131rlad\u0131.<br \/>\n<br \/>Efes Antik Kenti\u2019nde ger\u00e7ekle\u015ftirilen etkinli\u011fe, K\u00fclt\u00fcr ve Turizm Bakan Yard\u0131mc\u0131s\u0131 Nadir Alpaslan, \u0130zmir Valisi S\u00fcleyman Elban ve T\u00fcrk Hava Yollar\u0131 (THY) Y\u00f6netim Kurulu ve \u0130cra Komitesi Ba\u015fkan\u0131 Prof. Dr. Ahmet Bolat\u2019\u0131n yan\u0131 s\u0131ra d\u00fcnyan\u0131n d\u00f6rt bir yan\u0131ndaki 90 \u015fehirden gelen yakla\u015f\u0131k 200 b\u00fcy\u00fck tur operat\u00f6r\u00fcn\u00fcn \u00fcst d\u00fczey y\u00f6neticisi kat\u0131ld\u0131. Etkinlik \u00f6ncesinde ise kat\u0131l\u0131mc\u0131lar, T\u00fcrkiye\u2019nin termal ve k\u00fclt\u00fcrel de\u011ferlerini tan\u0131malar\u0131 i\u00e7in Afyon ve Denizli\u2019de a\u011f\u0131rland\u0131. T\u00fcrk Hava Yollar\u0131 (THY) Y\u00f6netim Kurulu ve \u0130cra Komitesi Ba\u015fkan\u0131 Prof. Dr. Ahmet Bolat, organizasyona dair yapt\u0131\u011f\u0131 a\u00e7\u0131klamada, &#8220;D\u00fcnyan\u0131n d\u00f6rt bir yan\u0131ndan gelen de\u011ferli misafirlerimize \u00fclkemizin e\u015fsiz g\u00fczelliklerini tan\u0131tmak bizim i\u00e7in b\u00fcy\u00fck bir onur. T\u00fcrkiye\u2019nin marka de\u011ferini y\u00fckseltmek ve b\u00f6lgesel turizme katk\u0131 sa\u011flamak ad\u0131na hep birlikte \u00e7al\u0131\u015fmaya devam edece\u011fiz&#8221; ifadelerini kulland\u0131.<\/p>\n<p>&#8220;Turizm cazibe merkezi olmas\u0131 i\u00e7in&#8221;<br \/>\n<br \/>Etkinlikte konu\u015fma yapan K\u00fclt\u00fcr ve Turizm Bakan Yard\u0131mc\u0131s\u0131 Nadir Alpaslan, T\u00fcrkiye\u2019nin turizm a\u00e7\u0131s\u0131ndan d\u00fcnyan\u0131n \u00f6nde gelen \u00fclkelerinden birisi konumuna geldi\u011fini ifade etti. Alparslan, &#8220;\u00dclkemizin ola\u011fan\u00fcst\u00fc turizm \u00fcr\u00fcnleri var. T\u00fcrkiye\u2019de \u00e7ok say\u0131da mekanlar\u0131m\u0131z, turizm \u00fcr\u00fcnlerimiz bulunmakta. D\u00fcnyadaki en \u00f6nemli arkeolojik mekanlar \u00fclkemizde. G\u00f6beklitepe\u2019den Kapadokya\u2019ya, Efes\u2019ten \u0130stanbul\u2019a kadar d\u00fcnyan\u0131n arkeolojik anlamdaki en \u00f6nemli eserleri \u00fclkemizde. \u0130nsano\u011flunun yery\u00fcz\u00fcndeki maceras\u0131 bu topraklarda ba\u015flad\u0131\u011f\u0131 i\u00e7in tarihi mekanlar\u0131m\u0131z ve k\u00fclt\u00fcrel varl\u0131klar\u0131m\u0131zla da ola\u011fan\u00fcst\u00fc bir zenginli\u011fe sahibiz. \u0130nan\u00e7 merkezleri a\u00e7\u0131s\u0131ndan da \u00e7ok g\u00fc\u00e7l\u00fc zenginli\u011fe sahibiz. \u0130slamiyet\u2019in, Hristiyanl\u0131\u011f\u0131n, Musevili\u011fin en \u00f6nemli inan\u00e7 merkezleri \u00fclkemizde bulunmakta. \u00c7ok \u00e7e\u015fitli, zengin, ola\u011fan\u00fcst\u00fc bir mutfa\u011f\u0131m\u0131z, gastronomimiz var. Akdeniz\u2019de ve Karadeniz\u2019de \u00e7ok g\u00fczel sahillerimiz var. \u00c7ok g\u00fc\u00e7l\u00fc sa\u011fl\u0131k merkezlerimiz, k\u00fclt\u00fcr merkezlerimiz sayesinde kongre turizmi a\u00e7\u0131s\u0131ndan da \u00e7ok g\u00fc\u00e7l\u00fc potansiyele sahibiz. \u00dclkemizde ayn\u0131 anda 4 mevsim ya\u015fanabildi\u011fi i\u00e7in bir yerde denize girerken bir yerde kayak yapma imkan\u0131n\u0131z var. K\u0131\u015f turizmi a\u00e7\u0131s\u0131ndan da g\u00fczel tesislerimiz, \u00fcr\u00fcnlerimiz var. Turizm ad\u0131na akl\u0131n\u0131za her ne geliyorsa en g\u00fczel \u00f6rnekleri, \u00fcr\u00fcnleri \u00fclkemizde bulunmakta. Bunun fark\u0131nda olarak yapt\u0131\u011f\u0131m\u0131z yat\u0131r\u0131mlarla bunlar\u0131 d\u00fcnyan\u0131n d\u00f6rt bir k\u00f6\u015fesinde g\u00fc\u00e7l\u00fc bir tan\u0131t\u0131mla \u00fclkemizin turizm cazibe merkezi olmas\u0131 i\u00e7in \u00e7al\u0131\u015fmalar\u0131m\u0131za devam ettirmekteyiz&#8221; diye konu\u015ftu.<br \/>\n<br \/>Alparslan, s\u00f6zlerini \u015f\u00f6yle s\u00fcrd\u00fcrd\u00fc: &#8220;D\u00fcnyan\u0131n her bir k\u00f6\u015fesinden \u00e7ok k\u0131sa zamanda \u0130stanbul\u2019a, Antalya\u2019ya ula\u015fabilmeyi sa\u011flamak konusunda THY gibi bir markam\u0131z\u0131n olmas\u0131, turizmde bulundu\u011fumuz noktalarda gelmemizin en \u00f6nemli sebeplerinden, avantajlar\u0131ndan bir tanesi. D\u00fcnyada ge\u00e7ti\u011fimiz y\u0131l en fazla turist a\u011flayan 4\u2019\u00fcnc\u00fc \u00fclke konumuna geldik. Ge\u00e7en y\u0131l 62 milyon yabanc\u0131 ziyaret\u00e7iyi \u00fclkemizde a\u011f\u0131rlad\u0131k, 61 milyar dolar turizm geliri elde ettik. Buralarla yetinmeyip daha \u00fcst s\u0131ralara \u00e7\u0131kmaya, \u00fclkemizde daha fazla yabanc\u0131 ziyaret\u00e7inin gelmesi i\u00e7in \u00e7al\u0131\u015fmalar\u0131m\u0131z\u0131 s\u00fcrd\u00fcrmekteyiz.&#8221;<\/p>\n<p>&#8220;\u0130zmir\u2019e gelmek i\u00e7in \u00e7ok sebep var&#8221;<br \/>\n<br \/>\u0130zmir\u2019in tarihi, do\u011fal g\u00fczellikleri, k\u0131y\u0131lar\u0131, gastronomisi ve do\u011fal rotalar\u0131 a\u00e7\u0131s\u0131ndan \u00e7ok \u00f6zel zenginliklere sahip bir \u015fehir oldu\u011funu vurgulayan \u0130zmir Valisi S\u00fcleyman Elban, &#8220;Efes, Teos, Smyrna, Bergama ba\u015fta olmak \u00fczere bir\u00e7ok tarihi \u015fehri i\u00e7inde bar\u0131nd\u0131r\u0131yor. Dikili\u2019den ba\u015flay\u0131p Ku\u015fadas\u0131\u2019na kadar \u00e7ok \u00f6zel sahilleri olan bir \u015fehir. Yine i\u00e7 kesimlerde \u00e7ok \u00f6zel iklimi ve do\u011fal g\u00fczellikleriyle, do\u011fa severleri a\u011f\u0131rlayacak birbirinden \u00f6zel da\u011fl\u0131k, yaylal\u0131k ve ormanl\u0131k alanlar\u0131 mevcut. \u00dclkemizin her k\u00f6\u015fesinde bulaca\u011f\u0131n\u0131z mutfa\u011f\u0131n bir \u00f6zeti \u0130zmir\u2019de. Ciddi g\u00f6\u00e7 ald\u0131\u011f\u0131 i\u00e7in de \u00fclkemizin yak\u0131n co\u011frafyas\u0131nda bulunan t\u00fcm mutfaklar\u0131n \u00f6rneklerini de burada bulabilirsiniz. Zeytininden incirine bir\u00e7ok do\u011fal \u00fcr\u00fcn\u00fc burada bulabildi\u011finiz i\u00e7in mutfa\u011f\u0131m\u0131za \u00e7ok \u00f6zel tat ve lezzet katan bir\u00e7ok \u00fcr\u00fcn burada bulunabilmekte. Sa\u011fl\u0131k turizmi, kapl\u0131ca turizmi a\u00e7\u0131s\u0131ndan ciddi bir potansiyel mevcut. \u0130zmir\u2019e gelmek i\u00e7in \u00e7ok bahane var&#8221; ifadelerinde bulundu.<br \/>\n<br \/>2022 y\u0131l\u0131nda New York\u2019ta ba\u015flayan ve bug\u00fcne kadar bir\u00e7ok uluslararas\u0131 noktada ger\u00e7ekle\u015ftirilen &#8220;Connect to T\u00fcrkiye&#8221; etkinlikleri, T\u00fcrkiye\u2019nin tan\u0131t\u0131m\u0131nda \u00f6nemli bir rol \u00fcstleniyor. 2024 y\u0131l\u0131 i\u00e7erisinde \u0130stanbul\u2019da da d\u00fczenlenen etkinlikte, y\u00fczlerce yabanc\u0131 turizm acentesine T\u00fcrkiye\u2019nin farkl\u0131 b\u00f6lgeleri tan\u0131t\u0131lm\u0131\u015ft\u0131. \u0130zmir\u2019deki bulu\u015fma, kat\u0131l\u0131mc\u0131lar\u0131n b\u00fcy\u00fck be\u011fenisini toplarken, Ege B\u00f6lgesi\u2019nin turizm potansiyeline dikkat \u00e7ekilmesi a\u00e7\u0131s\u0131ndan da \u00f6nemli bir ad\u0131m olarak de\u011ferlendirildi.<br \/><\/p>\n","protected":false},"excerpt":{"rendered":"<p>T\u00fcrk Hava Yollar\u0131 (THY), T\u00fcrkiye\u2019nin k\u00fclt\u00fcrel ve turistik zenginliklerini d\u00fcnyaya tan\u0131tmak amac\u0131yla s\u00fcrd\u00fcrd\u00fc\u011f\u00fc &#8220;Connect to T\u00fcrkiye&#8221; etkinlik serisinin yeni dura\u011f\u0131nda, Ege\u2019nin kalbi \u0130zmir\u2019de turizm profesyonellerini a\u011f\u0131rlad\u0131. Efes Antik Kenti\u2019nde ger\u00e7ekle\u015ftirilen etkinli\u011fe, K\u00fclt\u00fcr ve Turizm Bakan Yard\u0131mc\u0131s\u0131 Nadir Alpaslan, \u0130zmir Valisi S\u00fcleyman Elban ve T\u00fcrk Hava Yollar\u0131 (THY) Y\u00f6netim Kurulu ve \u0130cra Komitesi Ba\u015fkan\u0131 Prof. Dr&#8230;.<\/p>\n","protected":false},"author":1,"featured_media":32383,"comment_status":"open","ping_status":"open","sticky":false,"template":"","format":"standard","meta":{"_crdt_document":"","footnotes":""},"categories":[1],"tags":[],"class_list":["post-32382","post","type-post","status-publish","format-standard","has-post-thumbnail","hentry","category-guncel"],"_links":{"self":[{"href":"https:\/\/www.egemtv.com\/index.php?rest_route=\/wp\/v2\/posts\/32382","targetHints":{"allow":["GET"]}}],"collection":[{"href":"https:\/\/www.egemtv.com\/index.php?rest_route=\/wp\/v2\/posts"}],"about":[{"href":"https:\/\/www.egemtv.com\/index.php?rest_route=\/wp\/v2\/types\/post"}],"author":[{"embeddable":true,"href":"https:\/\/www.egemtv.com\/index.php?rest_route=\/wp\/v2\/users\/1"}],"replies":[{"embeddable":true,"href":"https:\/\/www.egemtv.com\/index.php?rest_route=%2Fwp%2Fv2%2Fcomments&post=32382"}],"version-history":[{"count":1,"href":"https:\/\/www.egemtv.com\/index.php?rest_route=\/wp\/v2\/posts\/32382\/revisions"}],"predecessor-version":[{"id":32384,"href":"https:\/\/www.egemtv.com\/index.php?rest_route=\/wp\/v2\/posts\/32382\/revisions\/32384"}],"wp:featuredmedia":[{"embeddable":true,"href":"https:\/\/www.egemtv.com\/index.php?rest_route=\/wp\/v2\/media\/32383"}],"wp:attachment":[{"href":"https:\/\/www.egemtv.com\/index.php?rest_route=%2Fwp%2Fv2%2Fmedia&parent=32382"}],"wp:term":[{"taxonomy":"category","embeddable":true,"href":"https:\/\/www.egemtv.com\/index.php?rest_route=%2Fwp%2Fv2%2Fcategories&post=32382"},{"taxonomy":"post_tag","embeddable":true,"href":"https:\/\/www.egemtv.com\/index.php?rest_route=%2Fwp%2Fv2%2Ftags&post=32382"}],"curies":[{"name":"wp","href":"https:\/\/api.w.org\/{rel}","templated":true}]}}