{"id":32379,"date":"2025-05-30T10:56:13","date_gmt":"2025-05-30T07:56:13","guid":{"rendered":"https:\/\/www.egemtv.com\/?p=32379"},"modified":"2025-05-30T10:56:19","modified_gmt":"2025-05-30T07:56:19","slug":"ogrencilerden-duvarlara-anlamli-dokunus","status":"publish","type":"post","link":"https:\/\/www.egemtv.com\/?p=32379","title":{"rendered":"\u00d6\u011frencilerden duvarlara anlaml\u0131 dokunu\u015f"},"content":{"rendered":"<p>K\u00fctahya Dumlup\u0131nar \u00dcniversitesi Gediz Meslek Y\u00fcksekokulu Grafik Tasar\u0131m\u0131 Program\u0131 \u00f6\u011frencileri, \u00d6\u011fr. G\u00f6r. R\u0131fat Sar\u0131o\u011flu\u2019nun koordinat\u00f6rl\u00fc\u011f\u00fcnde ger\u00e7ekle\u015ftirdikleri &#8220;\u00d6zg\u00fcn Bask\u0131&#8221; dersi kapsam\u0131nda \u00f6rnek bir sosyal sorumluluk projesine imza att\u0131lar. \u00d6\u011frenciler, Gediz Anadolu \u0130mam Hatip Lisesi, Fen ve Sosyal Bilimler Proje Okulu\u2019nun okuma salonunun duvarlar\u0131n\u0131 \u00f6zg\u00fcn sanatsal motiflerle s\u00fcsleyerek mekana yeni bir soluk getirdiler.<br \/>\n<br \/>\u00d6\u011frenciler, \u0130slam hat sanat\u0131n\u0131n \u00f6nemli unsurlar\u0131 olan &#8220;Allah&#8221; lafz\u0131 ve &#8220;Vav&#8221; harfini, Sel\u00e7uklu y\u0131ld\u0131z\u0131 motifleriyle harmanlayarak duvarlara titizlikle uygulad\u0131lar. Renklerin, \u00e7izgilerin ve derin anlamlar\u0131n bulu\u015ftu\u011fu bu \u00e7al\u0131\u015fma sayesinde okuma salonunun duvarlar\u0131, art\u0131k sadece bak\u0131lan de\u011fil, ayn\u0131 zamanda d\u00fc\u015f\u00fcnd\u00fcren ve hissettiren birer sanat eserine d\u00f6n\u00fc\u015ft\u00fc.<br \/>\n<br \/>Projeyi y\u00f6neten \u00d6\u011fr. G\u00f6r. R\u0131fat Sar\u0131o\u011flu, Gediz ve \u00e7evresinde daha \u00f6nce de bir\u00e7ok sanatsal etkinlik ve duvar resmi \u00e7al\u0131\u015fmas\u0131na \u00f6nc\u00fcl\u00fck etmi\u015fti. Sar\u0131o\u011flu, e\u011fitimin yaln\u0131zca s\u0131n\u0131flarda de\u011fil, toplumla i\u00e7 i\u00e7e geli\u015fmesi gerekti\u011fi inanc\u0131yla \u00f6\u011frencilerini aktif olarak saha \u00e7al\u0131\u015fmalar\u0131na te\u015fvik ediyor. Bu son proje de sanat\u0131n topluma hizmet edebilece\u011finin g\u00fczel bir \u00f6rne\u011fini olu\u015fturdu.<br \/>\n<br \/>Bu t\u00fcr projeler, gelece\u011fin tasar\u0131mc\u0131lar\u0131 olan \u00f6\u011frencilerin mesleki becerilerini geli\u015ftirirken, ayn\u0131 zamanda sosyal sorumluluk duygular\u0131n\u0131 da peki\u015ftiriyor. Yap\u0131lan sanatsal m\u00fcdahale ile okuma salonunun atmosferi tamamen de\u011fi\u015fti. \u00d6\u011frencilerin art\u0131k kendilerini daha huzurlu ve motive olmu\u015f hissedebilecekleri estetik bir ortam olu\u015fturuldu.<br \/><\/p>\n","protected":false},"excerpt":{"rendered":"<p>K\u00fctahya Dumlup\u0131nar \u00dcniversitesi Gediz Meslek Y\u00fcksekokulu Grafik Tasar\u0131m\u0131 Program\u0131 \u00f6\u011frencileri, \u00d6\u011fr. G\u00f6r. R\u0131fat Sar\u0131o\u011flu\u2019nun koordinat\u00f6rl\u00fc\u011f\u00fcnde ger\u00e7ekle\u015ftirdikleri &#8220;\u00d6zg\u00fcn Bask\u0131&#8221; dersi kapsam\u0131nda \u00f6rnek bir sosyal sorumluluk projesine imza att\u0131lar. \u00d6\u011frenciler, Gediz Anadolu \u0130mam Hatip Lisesi, Fen ve Sosyal Bilimler Proje Okulu\u2019nun okuma salonunun duvarlar\u0131n\u0131 \u00f6zg\u00fcn sanatsal motiflerle s\u00fcsleyerek mekana yeni bir soluk getirdiler. \u00d6\u011frenciler, \u0130slam hat sanat\u0131n\u0131n&#8230;<\/p>\n","protected":false},"author":1,"featured_media":32380,"comment_status":"open","ping_status":"open","sticky":false,"template":"","format":"standard","meta":{"_crdt_document":"","footnotes":""},"categories":[123],"tags":[],"class_list":["post-32379","post","type-post","status-publish","format-standard","has-post-thumbnail","hentry","category-gundem"],"_links":{"self":[{"href":"https:\/\/www.egemtv.com\/index.php?rest_route=\/wp\/v2\/posts\/32379","targetHints":{"allow":["GET"]}}],"collection":[{"href":"https:\/\/www.egemtv.com\/index.php?rest_route=\/wp\/v2\/posts"}],"about":[{"href":"https:\/\/www.egemtv.com\/index.php?rest_route=\/wp\/v2\/types\/post"}],"author":[{"embeddable":true,"href":"https:\/\/www.egemtv.com\/index.php?rest_route=\/wp\/v2\/users\/1"}],"replies":[{"embeddable":true,"href":"https:\/\/www.egemtv.com\/index.php?rest_route=%2Fwp%2Fv2%2Fcomments&post=32379"}],"version-history":[{"count":1,"href":"https:\/\/www.egemtv.com\/index.php?rest_route=\/wp\/v2\/posts\/32379\/revisions"}],"predecessor-version":[{"id":32381,"href":"https:\/\/www.egemtv.com\/index.php?rest_route=\/wp\/v2\/posts\/32379\/revisions\/32381"}],"wp:featuredmedia":[{"embeddable":true,"href":"https:\/\/www.egemtv.com\/index.php?rest_route=\/wp\/v2\/media\/32380"}],"wp:attachment":[{"href":"https:\/\/www.egemtv.com\/index.php?rest_route=%2Fwp%2Fv2%2Fmedia&parent=32379"}],"wp:term":[{"taxonomy":"category","embeddable":true,"href":"https:\/\/www.egemtv.com\/index.php?rest_route=%2Fwp%2Fv2%2Fcategories&post=32379"},{"taxonomy":"post_tag","embeddable":true,"href":"https:\/\/www.egemtv.com\/index.php?rest_route=%2Fwp%2Fv2%2Ftags&post=32379"}],"curies":[{"name":"wp","href":"https:\/\/api.w.org\/{rel}","templated":true}]}}