{"id":32340,"date":"2025-05-30T09:37:25","date_gmt":"2025-05-30T06:37:25","guid":{"rendered":"https:\/\/www.egemtv.com\/?p=32340"},"modified":"2025-05-30T09:37:29","modified_gmt":"2025-05-30T06:37:29","slug":"dogalgaz-patlamasinda-hayatini-kaybeden-erbas-icin-lokma-hayri-yapildi","status":"publish","type":"post","link":"https:\/\/www.egemtv.com\/?p=32340","title":{"rendered":"Do\u011falgaz patlamas\u0131nda hayat\u0131n\u0131 kaybeden Erba\u015f i\u00e7in lokma hayr\u0131 yap\u0131ld\u0131"},"content":{"rendered":"<p>Ayd\u0131n\u2019\u0131n S\u00f6ke \u0130l\u00e7esi\u2019nde 05 May\u0131s g\u00fcn\u00fc meydana gelen do\u011falgaz patlamas\u0131nda a\u011f\u0131r yaral\u0131 olarak kald\u0131r\u0131ld\u0131\u011f\u0131 hastanede 09 May\u0131s g\u00fcn\u00fc hayat\u0131n\u0131 kaybeden \u00fcniversite \u00f6\u011frencisi Yusuf Erba\u015f\u2019\u0131n okulunda lokma hayr\u0131 yap\u0131ld\u0131.<\/p>\n<p>Olay, 05 May\u0131s\u2019ta S\u00f6ke Yenikent Mahallesi 30. Sokak\u2019ta ak\u015fam saatlerinde meydana gelmi\u015fti. Apartman\u0131n 2. kat\u0131ndaki dairede meydana gelen do\u011falgaz patlamas\u0131nda Adnan Menderes \u00dcniversitesi \u00f6\u011frencisi Yusuf Erba\u015f a\u011f\u0131r yaralanm\u0131\u015ft\u0131. S\u00f6ke Devlet Hastanesi\u2019nde yap\u0131lan ilk m\u00fcdahalenin ard\u0131ndan \u0130zmir \u015eehir Hastanesine kald\u0131r\u0131lan ve burada g\u00f6rd\u00fc\u011f\u00fc tedavi s\u0131ras\u0131nda ya\u015fam\u0131n\u0131 yitiren S\u00f6ke \u0130\u015fletme Fak\u00fcltesi Lojistik Y\u00f6netimi 3. s\u0131n\u0131f \u00f6\u011frencisi Yusuf Erba\u015f i\u00e7in Fak\u00fclte kamp\u00fcs\u00fcnde lokma hayr\u0131 d\u00fczenlendi.<\/p>\n<p>Arkada\u015flar\u0131 ve \u00fcniversite personeli taraf\u0131ndan d\u00fczenlenen lokma hayr\u0131nda Yusuf Erba\u015f\u2019\u0131n ruhuna dualar edildi.<br \/><\/p>\n","protected":false},"excerpt":{"rendered":"<p>Ayd\u0131n\u2019\u0131n S\u00f6ke \u0130l\u00e7esi\u2019nde 05 May\u0131s g\u00fcn\u00fc meydana gelen do\u011falgaz patlamas\u0131nda a\u011f\u0131r yaral\u0131 olarak kald\u0131r\u0131ld\u0131\u011f\u0131 hastanede 09 May\u0131s g\u00fcn\u00fc hayat\u0131n\u0131 kaybeden \u00fcniversite \u00f6\u011frencisi Yusuf Erba\u015f\u2019\u0131n okulunda lokma hayr\u0131 yap\u0131ld\u0131. Olay, 05 May\u0131s\u2019ta S\u00f6ke Yenikent Mahallesi 30. Sokak\u2019ta ak\u015fam saatlerinde meydana gelmi\u015fti. Apartman\u0131n 2. kat\u0131ndaki dairede meydana gelen do\u011falgaz patlamas\u0131nda Adnan Menderes \u00dcniversitesi \u00f6\u011frencisi Yusuf Erba\u015f a\u011f\u0131r&#8230;<\/p>\n","protected":false},"author":1,"featured_media":32341,"comment_status":"open","ping_status":"open","sticky":false,"template":"","format":"standard","meta":{"_crdt_document":"","footnotes":""},"categories":[123],"tags":[],"class_list":["post-32340","post","type-post","status-publish","format-standard","has-post-thumbnail","hentry","category-gundem"],"_links":{"self":[{"href":"https:\/\/www.egemtv.com\/index.php?rest_route=\/wp\/v2\/posts\/32340","targetHints":{"allow":["GET"]}}],"collection":[{"href":"https:\/\/www.egemtv.com\/index.php?rest_route=\/wp\/v2\/posts"}],"about":[{"href":"https:\/\/www.egemtv.com\/index.php?rest_route=\/wp\/v2\/types\/post"}],"author":[{"embeddable":true,"href":"https:\/\/www.egemtv.com\/index.php?rest_route=\/wp\/v2\/users\/1"}],"replies":[{"embeddable":true,"href":"https:\/\/www.egemtv.com\/index.php?rest_route=%2Fwp%2Fv2%2Fcomments&post=32340"}],"version-history":[{"count":1,"href":"https:\/\/www.egemtv.com\/index.php?rest_route=\/wp\/v2\/posts\/32340\/revisions"}],"predecessor-version":[{"id":32342,"href":"https:\/\/www.egemtv.com\/index.php?rest_route=\/wp\/v2\/posts\/32340\/revisions\/32342"}],"wp:featuredmedia":[{"embeddable":true,"href":"https:\/\/www.egemtv.com\/index.php?rest_route=\/wp\/v2\/media\/32341"}],"wp:attachment":[{"href":"https:\/\/www.egemtv.com\/index.php?rest_route=%2Fwp%2Fv2%2Fmedia&parent=32340"}],"wp:term":[{"taxonomy":"category","embeddable":true,"href":"https:\/\/www.egemtv.com\/index.php?rest_route=%2Fwp%2Fv2%2Fcategories&post=32340"},{"taxonomy":"post_tag","embeddable":true,"href":"https:\/\/www.egemtv.com\/index.php?rest_route=%2Fwp%2Fv2%2Ftags&post=32340"}],"curies":[{"name":"wp","href":"https:\/\/api.w.org\/{rel}","templated":true}]}}