{"id":32337,"date":"2025-05-30T09:15:18","date_gmt":"2025-05-30T06:15:18","guid":{"rendered":"https:\/\/www.egemtv.com\/?p=32337"},"modified":"2025-05-30T09:15:23","modified_gmt":"2025-05-30T06:15:23","slug":"meteorolojiden-afyonkarahisar-icin-kuvvetli-saganak-ve-firtina-uyarisi","status":"publish","type":"post","link":"https:\/\/www.egemtv.com\/?p=32337","title":{"rendered":"Meteoroloji\u2019den Afyonkarahisar i\u00e7in kuvvetli sa\u011fanak ve f\u0131rt\u0131na uyar\u0131s\u0131"},"content":{"rendered":"<p>Meteoroloji Genel M\u00fcd\u00fcrl\u00fc\u011f\u00fc, Afyonkarahisar genelinde yerel ve aral\u0131kl\u0131 olmak \u00fczere kuvvetli sa\u011fanak ya\u011f\u0131\u015f ile g\u00f6k g\u00fcr\u00fclt\u00fcl\u00fc sa\u011fanak ya\u011f\u0131\u015f uyar\u0131s\u0131nda bulundu.<br \/>\n<br \/>Yap\u0131lan son de\u011ferlendirmelere g\u00f6re, ya\u011f\u0131\u015flarla birlikte ani sel, su bask\u0131n\u0131, y\u0131ld\u0131r\u0131m, yerel dolu ya\u011f\u0131\u015f\u0131, ya\u011f\u0131\u015f an\u0131nda kuvvetli r\u00fczgar ve k\u0131sa s\u00fcreli f\u0131rt\u0131na gibi olumsuzluklar\u0131n ya\u015fanabilece\u011fi uyar\u0131s\u0131nda bulunuldu. Yetkililer, ya\u015fanabilecek olumsuz hava ko\u015fullar\u0131 nedeniyle vatanda\u015flar\u0131n dikkatli ve tedbirli olmas\u0131 gerekti\u011fini belirtti. \u00d6zellikle d\u00fc\u015f\u00fck kotlu alanlar ile dere yataklar\u0131na yak\u0131n b\u00f6lgelerde su bask\u0131n\u0131 riskine kar\u015f\u0131 \u00f6nlem al\u0131nmas\u0131 gerekti\u011fi vurguland\u0131.<br \/>\n<br \/>Afyonkarahisar Valili\u011fi taraf\u0131ndan yap\u0131lan a\u00e7\u0131klamada, vatanda\u015flar\u0131n m\u00fcmk\u00fcn olmad\u0131k\u00e7a d\u0131\u015far\u0131 \u00e7\u0131kmamas\u0131, a\u00e7\u0131k alanlarda bulunmaktan ka\u00e7\u0131nmas\u0131 ve acil durumlarda 112 Acil \u00c7a\u011fr\u0131 Merkezi ile irtibata ge\u00e7ilmesi istendi.<br \/>\n<br \/>Uzmanlar ayr\u0131ca, dolu ve f\u0131rt\u0131na riski nedeniyle tar\u0131m alanlar\u0131nda da zarar olu\u015fabilece\u011fine dikkat \u00e7ekerek, \u00e7ift\u00e7ilere gerekli tedbirleri almalar\u0131 y\u00f6n\u00fcnde \u00e7a\u011fr\u0131da bulundu.<br \/><\/p>\n","protected":false},"excerpt":{"rendered":"<p>Meteoroloji Genel M\u00fcd\u00fcrl\u00fc\u011f\u00fc, Afyonkarahisar genelinde yerel ve aral\u0131kl\u0131 olmak \u00fczere kuvvetli sa\u011fanak ya\u011f\u0131\u015f ile g\u00f6k g\u00fcr\u00fclt\u00fcl\u00fc sa\u011fanak ya\u011f\u0131\u015f uyar\u0131s\u0131nda bulundu. Yap\u0131lan son de\u011ferlendirmelere g\u00f6re, ya\u011f\u0131\u015flarla birlikte ani sel, su bask\u0131n\u0131, y\u0131ld\u0131r\u0131m, yerel dolu ya\u011f\u0131\u015f\u0131, ya\u011f\u0131\u015f an\u0131nda kuvvetli r\u00fczgar ve k\u0131sa s\u00fcreli f\u0131rt\u0131na gibi olumsuzluklar\u0131n ya\u015fanabilece\u011fi uyar\u0131s\u0131nda bulunuldu. Yetkililer, ya\u015fanabilecek olumsuz hava ko\u015fullar\u0131 nedeniyle vatanda\u015flar\u0131n dikkatli&#8230;<\/p>\n","protected":false},"author":1,"featured_media":32338,"comment_status":"open","ping_status":"open","sticky":false,"template":"","format":"standard","meta":{"_crdt_document":"","footnotes":""},"categories":[1],"tags":[],"class_list":["post-32337","post","type-post","status-publish","format-standard","has-post-thumbnail","hentry","category-guncel"],"_links":{"self":[{"href":"https:\/\/www.egemtv.com\/index.php?rest_route=\/wp\/v2\/posts\/32337","targetHints":{"allow":["GET"]}}],"collection":[{"href":"https:\/\/www.egemtv.com\/index.php?rest_route=\/wp\/v2\/posts"}],"about":[{"href":"https:\/\/www.egemtv.com\/index.php?rest_route=\/wp\/v2\/types\/post"}],"author":[{"embeddable":true,"href":"https:\/\/www.egemtv.com\/index.php?rest_route=\/wp\/v2\/users\/1"}],"replies":[{"embeddable":true,"href":"https:\/\/www.egemtv.com\/index.php?rest_route=%2Fwp%2Fv2%2Fcomments&post=32337"}],"version-history":[{"count":1,"href":"https:\/\/www.egemtv.com\/index.php?rest_route=\/wp\/v2\/posts\/32337\/revisions"}],"predecessor-version":[{"id":32339,"href":"https:\/\/www.egemtv.com\/index.php?rest_route=\/wp\/v2\/posts\/32337\/revisions\/32339"}],"wp:featuredmedia":[{"embeddable":true,"href":"https:\/\/www.egemtv.com\/index.php?rest_route=\/wp\/v2\/media\/32338"}],"wp:attachment":[{"href":"https:\/\/www.egemtv.com\/index.php?rest_route=%2Fwp%2Fv2%2Fmedia&parent=32337"}],"wp:term":[{"taxonomy":"category","embeddable":true,"href":"https:\/\/www.egemtv.com\/index.php?rest_route=%2Fwp%2Fv2%2Fcategories&post=32337"},{"taxonomy":"post_tag","embeddable":true,"href":"https:\/\/www.egemtv.com\/index.php?rest_route=%2Fwp%2Fv2%2Ftags&post=32337"}],"curies":[{"name":"wp","href":"https:\/\/api.w.org\/{rel}","templated":true}]}}