{"id":32334,"date":"2025-05-30T09:15:13","date_gmt":"2025-05-30T06:15:13","guid":{"rendered":"https:\/\/www.egemtv.com\/?p=32334"},"modified":"2025-05-30T09:15:17","modified_gmt":"2025-05-30T06:15:17","slug":"altgecitte-3-aracin-karistigi-kaza-sonucu-arac-kuyruklari-olustu","status":"publish","type":"post","link":"https:\/\/www.egemtv.com\/?p=32334","title":{"rendered":"Altge\u00e7itte 3 arac\u0131n kar\u0131\u015ft\u0131\u011f\u0131 kaza sonucu ara\u00e7 kuyruklar\u0131 olu\u015ftu"},"content":{"rendered":"<p>Denizli\u2019nin Pamukkale il\u00e7esinde altge\u00e7itte 3 arac\u0131n kar\u0131\u015ft\u0131\u011f\u0131 trafik kazas\u0131 sonucunda kilometrelerce ara\u00e7 kuyru\u011fu oldu. Kazada \u00f6len ya da yaralanan olmad\u0131\u011f\u0131 \u00f6\u011frenilirken, 3 ara\u00e7ta maddi hasar meydana geldi.<\/p>\n<p>Kaza, Pamukkale il\u00e7esi Fatih Mahallesi\u2019nde Fevzi \u00c7akmak Bulvar\u0131 altge\u00e7itte meydana geldi. Edinilen bilgileri g\u00f6re, hen\u00fcz belirlenmeyen nedenden \u00f6t\u00fcr\u00fc plakalar\u0131 bilinmeyen 3 ara\u00e7l\u0131 zincirleme trafik kazas\u0131 meydana geldi. Kazan\u0131n ard\u0131ndan b\u00f6lgeye sa\u011fl\u0131k ve polis ekipleri sevk edildi. Kazada herhangibi yaral\u0131 veya \u00f6len olmad\u0131\u011f\u0131 \u00f6\u011frenildi. 3 ara\u00e7ta da maddi hasar meydana geldi\u011fi belirtildi.<\/p>\n<p>Altge\u00e7itte meydana gelen trafik kazas\u0131 sonras\u0131nda polis ekipleri kontroll\u00fc bir \u015fekilde yolu trafi\u011fe kapatt\u0131. Kazal\u0131 ara\u00e7lar ard\u0131ndan \u00e7ekici marifetiyle yoldan kald\u0131r\u0131ld\u0131. Polis ekiplerince g\u00fcvenli ge\u00e7i\u015flerin sa\u011fland\u0131\u011f\u0131 yol kontroll\u00fc olarak verildi. Kazal\u0131 ara\u00e7lar\u0131n \u00e7ekilmesiyle trafik normal ak\u0131\u015f\u0131na d\u00f6nd\u00fc. Kaza ile ilgili soru\u015fturma ba\u015flat\u0131ld\u0131.<br \/><\/p>\n","protected":false},"excerpt":{"rendered":"<p>Denizli\u2019nin Pamukkale il\u00e7esinde altge\u00e7itte 3 arac\u0131n kar\u0131\u015ft\u0131\u011f\u0131 trafik kazas\u0131 sonucunda kilometrelerce ara\u00e7 kuyru\u011fu oldu. Kazada \u00f6len ya da yaralanan olmad\u0131\u011f\u0131 \u00f6\u011frenilirken, 3 ara\u00e7ta maddi hasar meydana geldi. Kaza, Pamukkale il\u00e7esi Fatih Mahallesi\u2019nde Fevzi \u00c7akmak Bulvar\u0131 altge\u00e7itte meydana geldi. Edinilen bilgileri g\u00f6re, hen\u00fcz belirlenmeyen nedenden \u00f6t\u00fcr\u00fc plakalar\u0131 bilinmeyen 3 ara\u00e7l\u0131 zincirleme trafik kazas\u0131 meydana geldi. Kazan\u0131n&#8230;<\/p>\n","protected":false},"author":1,"featured_media":32335,"comment_status":"open","ping_status":"open","sticky":false,"template":"","format":"standard","meta":{"_crdt_document":"","footnotes":""},"categories":[5],"tags":[],"class_list":["post-32334","post","type-post","status-publish","format-standard","has-post-thumbnail","hentry","category-asayis"],"_links":{"self":[{"href":"https:\/\/www.egemtv.com\/index.php?rest_route=\/wp\/v2\/posts\/32334","targetHints":{"allow":["GET"]}}],"collection":[{"href":"https:\/\/www.egemtv.com\/index.php?rest_route=\/wp\/v2\/posts"}],"about":[{"href":"https:\/\/www.egemtv.com\/index.php?rest_route=\/wp\/v2\/types\/post"}],"author":[{"embeddable":true,"href":"https:\/\/www.egemtv.com\/index.php?rest_route=\/wp\/v2\/users\/1"}],"replies":[{"embeddable":true,"href":"https:\/\/www.egemtv.com\/index.php?rest_route=%2Fwp%2Fv2%2Fcomments&post=32334"}],"version-history":[{"count":1,"href":"https:\/\/www.egemtv.com\/index.php?rest_route=\/wp\/v2\/posts\/32334\/revisions"}],"predecessor-version":[{"id":32336,"href":"https:\/\/www.egemtv.com\/index.php?rest_route=\/wp\/v2\/posts\/32334\/revisions\/32336"}],"wp:featuredmedia":[{"embeddable":true,"href":"https:\/\/www.egemtv.com\/index.php?rest_route=\/wp\/v2\/media\/32335"}],"wp:attachment":[{"href":"https:\/\/www.egemtv.com\/index.php?rest_route=%2Fwp%2Fv2%2Fmedia&parent=32334"}],"wp:term":[{"taxonomy":"category","embeddable":true,"href":"https:\/\/www.egemtv.com\/index.php?rest_route=%2Fwp%2Fv2%2Fcategories&post=32334"},{"taxonomy":"post_tag","embeddable":true,"href":"https:\/\/www.egemtv.com\/index.php?rest_route=%2Fwp%2Fv2%2Ftags&post=32334"}],"curies":[{"name":"wp","href":"https:\/\/api.w.org\/{rel}","templated":true}]}}