{"id":32331,"date":"2025-05-30T08:54:43","date_gmt":"2025-05-30T05:54:43","guid":{"rendered":"https:\/\/www.egemtv.com\/?p=32331"},"modified":"2025-05-30T08:54:48","modified_gmt":"2025-05-30T05:54:48","slug":"sarigollu-ogrenci-karate-milli-takiminda-yarisacak","status":"publish","type":"post","link":"https:\/\/www.egemtv.com\/?p=32331","title":{"rendered":"Sar\u0131g\u00f6ll\u00fc \u00f6\u011frenci karate milli tak\u0131m\u0131nda yar\u0131\u015facak"},"content":{"rendered":"<p>Manisa\u2019n\u0131n Sar\u0131g\u00f6l il\u00e7esi Ba\u011fl\u0131ca Halil Duran Ortaokulu 7. s\u0131n\u0131f \u00f6\u011frencisi be Ala\u015fehir Belediye Spor Karate Tak\u0131m\u0131 sporcusu olan 13 ya\u015f\u0131ndaki Mehmet Sar\u0131ta\u015f, Moldova\u2019da yap\u0131lacak olan Y\u0131ld\u0131zlar Karate \u015eampiyonas\u0131nda milli formay\u0131 giyecek.<br \/>\n<br \/>Manisa\u2019n\u0131n Sar\u0131g\u00f6l il\u00e7esi Ba\u011fl\u0131ca Halil Duran Ortaokulu 7. s\u0131n\u0131f \u00f6\u011frencisi Mehmet Sar\u0131ta\u015f (13), y\u0131ld\u0131zlar karate m\u00fcsabakalar\u0131nda kul\u00fcp olarak bronz, okul olarak ise g\u00fcm\u00fc\u015f madalya kazanmas\u0131n\u0131n ard\u0131ndan T\u00fcrkiye Karate Federasyonu taraf\u0131ndan milli tak\u0131ma se\u00e7ildi. Sar\u0131ta\u015f, 15 Haziran tarihinde Moldova\u2019da yap\u0131lacak olan \u2019Cishinau Karate Open\u2019 \u2019Y\u0131ld\u0131zlar karate \u015fampiyonas\u0131\u2019nda T\u00fcrkiye\u2019yi temsil edecek.<br \/>\n<br \/>Ala\u015fehir Belediye Spor Kul\u00fcb\u00fc sporcusu olan Mehmet Sar\u0131ta\u015f, bu ba\u015far\u0131ya ula\u015fmas\u0131nda b\u00fcy\u00fck eme\u011fi olan karate antren\u00f6r\u00fc Bilal G\u00fcltekin\u2019e te\u015fekk\u00fcr etti. Sar\u0131ta\u015f, d\u00fczenli \u00e7al\u0131\u015fmalar\u0131 ve antrenmanlar sayesinde milli formay\u0131 giymeye hak kazand\u0131\u011f\u0131n\u0131 ifade etti.<br \/>\n<br \/>Sar\u0131ta\u015f\u2019\u0131n milli tak\u0131ma se\u00e7ilmesi, hem ailesinde hem de Sar\u0131g\u00f6l Ba\u011fl\u0131ca Mahallesi\u2019nde b\u00fcy\u00fck sevin\u00e7le kar\u015f\u0131land\u0131. Babas\u0131 \u015e\u00fckr\u00fc Sar\u0131ta\u015f, &#8220;O\u011flumla gurur duyuyorum. Karate sporunu \u00e7ok seviyor ve isteyerek yap\u0131yor. Antren\u00f6r\u00fc Bilal G\u00fcltekin\u2019in deste\u011fiyle bu ba\u015far\u0131ya ula\u015ft\u0131. Allah yolunu a\u00e7\u0131k etsin.&#8221; dedi.<br \/>\n<br \/>Ba\u011fl\u0131ca Ortaokulu M\u00fcd\u00fcr\u00fc Ahmet Balamutcu ise yapt\u0131\u011f\u0131 a\u00e7\u0131klamada, &#8220;Okulumuzun 7. s\u0131n\u0131f \u00f6\u011frencisinin y\u0131ld\u0131zlar dal\u0131nda milli tak\u0131ma se\u00e7ilmesi bizleri gururland\u0131rd\u0131. Mehmet Sar\u0131ta\u015f\u2019\u0131n Moldova\u2019da yap\u0131lacak olan kar\u015f\u0131la\u015fmalarda \u00fclkemizi en iyi \u015fekilde temsil edece\u011fine inan\u0131yorum. Kendisine ba\u015far\u0131lar diliyorum.&#8221; ifadelerini kulland\u0131.<br \/><\/p>\n","protected":false},"excerpt":{"rendered":"<p>Manisa\u2019n\u0131n Sar\u0131g\u00f6l il\u00e7esi Ba\u011fl\u0131ca Halil Duran Ortaokulu 7. s\u0131n\u0131f \u00f6\u011frencisi be Ala\u015fehir Belediye Spor Karate Tak\u0131m\u0131 sporcusu olan 13 ya\u015f\u0131ndaki Mehmet Sar\u0131ta\u015f, Moldova\u2019da yap\u0131lacak olan Y\u0131ld\u0131zlar Karate \u015eampiyonas\u0131nda milli formay\u0131 giyecek. Manisa\u2019n\u0131n Sar\u0131g\u00f6l il\u00e7esi Ba\u011fl\u0131ca Halil Duran Ortaokulu 7. s\u0131n\u0131f \u00f6\u011frencisi Mehmet Sar\u0131ta\u015f (13), y\u0131ld\u0131zlar karate m\u00fcsabakalar\u0131nda kul\u00fcp olarak bronz, okul olarak ise g\u00fcm\u00fc\u015f madalya&#8230;<\/p>\n","protected":false},"author":1,"featured_media":32332,"comment_status":"open","ping_status":"open","sticky":false,"template":"","format":"standard","meta":{"_crdt_document":"","footnotes":""},"categories":[4],"tags":[],"class_list":["post-32331","post","type-post","status-publish","format-standard","has-post-thumbnail","hentry","category-spor"],"_links":{"self":[{"href":"https:\/\/www.egemtv.com\/index.php?rest_route=\/wp\/v2\/posts\/32331","targetHints":{"allow":["GET"]}}],"collection":[{"href":"https:\/\/www.egemtv.com\/index.php?rest_route=\/wp\/v2\/posts"}],"about":[{"href":"https:\/\/www.egemtv.com\/index.php?rest_route=\/wp\/v2\/types\/post"}],"author":[{"embeddable":true,"href":"https:\/\/www.egemtv.com\/index.php?rest_route=\/wp\/v2\/users\/1"}],"replies":[{"embeddable":true,"href":"https:\/\/www.egemtv.com\/index.php?rest_route=%2Fwp%2Fv2%2Fcomments&post=32331"}],"version-history":[{"count":1,"href":"https:\/\/www.egemtv.com\/index.php?rest_route=\/wp\/v2\/posts\/32331\/revisions"}],"predecessor-version":[{"id":32333,"href":"https:\/\/www.egemtv.com\/index.php?rest_route=\/wp\/v2\/posts\/32331\/revisions\/32333"}],"wp:featuredmedia":[{"embeddable":true,"href":"https:\/\/www.egemtv.com\/index.php?rest_route=\/wp\/v2\/media\/32332"}],"wp:attachment":[{"href":"https:\/\/www.egemtv.com\/index.php?rest_route=%2Fwp%2Fv2%2Fmedia&parent=32331"}],"wp:term":[{"taxonomy":"category","embeddable":true,"href":"https:\/\/www.egemtv.com\/index.php?rest_route=%2Fwp%2Fv2%2Fcategories&post=32331"},{"taxonomy":"post_tag","embeddable":true,"href":"https:\/\/www.egemtv.com\/index.php?rest_route=%2Fwp%2Fv2%2Ftags&post=32331"}],"curies":[{"name":"wp","href":"https:\/\/api.w.org\/{rel}","templated":true}]}}