{"id":32328,"date":"2025-05-30T08:34:35","date_gmt":"2025-05-30T05:34:35","guid":{"rendered":"https:\/\/www.egemtv.com\/?p=32328"},"modified":"2025-05-30T08:34:39","modified_gmt":"2025-05-30T05:34:39","slug":"aracta-sikisan-vatandasi-itfaiye-ekipleri-kurtardi","status":"publish","type":"post","link":"https:\/\/www.egemtv.com\/?p=32328","title":{"rendered":"Ara\u00e7ta s\u0131k\u0131\u015fan vatanda\u015f\u0131 itfaiye ekipleri kurtard\u0131"},"content":{"rendered":"<p>Mu\u011fla\u2019n\u0131n Ortaca il\u00e7esinde meydana gelen trafik kazas\u0131nda ara\u00e7 i\u00e7inde s\u0131k\u0131\u015fan vatanda\u015f itfaiye ekiplerinin m\u00fcdahalesi ile kurtar\u0131ld\u0131.<br \/>\n<br \/>Ortaca Ok\u00e7ular Mahallesi \u00e7ift tarafl\u0131 trafik kazas\u0131 sonras\u0131 112 Acil \u00c7a\u011fr\u0131 Merkezine bilgi verildi. B\u00f6lgeye 112 ambulans, jandarma ve Mu\u011fla B\u00fcy\u00fck\u015fehir Belediyesi ortaca \u0130tfaiye ekipleri sevk edildi. Kaza sonras\u0131 hurdaya d\u00f6nen ara\u00e7 i\u00e7inde s\u0131k\u0131\u015fan bir vatanda\u015f itfaiye ekipleri taraf\u0131ndan s\u0131k\u0131\u015ft\u0131\u011f\u0131 alandan kurtar\u0131larak sa\u011fl\u0131k ekiplerine teslim edildi.<br \/>\n<br \/>Kazada 2 vatanda\u015f yaralan\u0131rken, ara\u00e7ta b\u00fcy\u00fck \u00e7apl\u0131 maddi hasar meydana geldi.<br \/><\/p>\n","protected":false},"excerpt":{"rendered":"<p>Mu\u011fla\u2019n\u0131n Ortaca il\u00e7esinde meydana gelen trafik kazas\u0131nda ara\u00e7 i\u00e7inde s\u0131k\u0131\u015fan vatanda\u015f itfaiye ekiplerinin m\u00fcdahalesi ile kurtar\u0131ld\u0131. Ortaca Ok\u00e7ular Mahallesi \u00e7ift tarafl\u0131 trafik kazas\u0131 sonras\u0131 112 Acil \u00c7a\u011fr\u0131 Merkezine bilgi verildi. B\u00f6lgeye 112 ambulans, jandarma ve Mu\u011fla B\u00fcy\u00fck\u015fehir Belediyesi ortaca \u0130tfaiye ekipleri sevk edildi. Kaza sonras\u0131 hurdaya d\u00f6nen ara\u00e7 i\u00e7inde s\u0131k\u0131\u015fan bir vatanda\u015f itfaiye ekipleri taraf\u0131ndan&#8230;<\/p>\n","protected":false},"author":1,"featured_media":32329,"comment_status":"open","ping_status":"open","sticky":false,"template":"","format":"standard","meta":{"_crdt_document":"","footnotes":""},"categories":[5],"tags":[],"class_list":["post-32328","post","type-post","status-publish","format-standard","has-post-thumbnail","hentry","category-asayis"],"_links":{"self":[{"href":"https:\/\/www.egemtv.com\/index.php?rest_route=\/wp\/v2\/posts\/32328","targetHints":{"allow":["GET"]}}],"collection":[{"href":"https:\/\/www.egemtv.com\/index.php?rest_route=\/wp\/v2\/posts"}],"about":[{"href":"https:\/\/www.egemtv.com\/index.php?rest_route=\/wp\/v2\/types\/post"}],"author":[{"embeddable":true,"href":"https:\/\/www.egemtv.com\/index.php?rest_route=\/wp\/v2\/users\/1"}],"replies":[{"embeddable":true,"href":"https:\/\/www.egemtv.com\/index.php?rest_route=%2Fwp%2Fv2%2Fcomments&post=32328"}],"version-history":[{"count":1,"href":"https:\/\/www.egemtv.com\/index.php?rest_route=\/wp\/v2\/posts\/32328\/revisions"}],"predecessor-version":[{"id":32330,"href":"https:\/\/www.egemtv.com\/index.php?rest_route=\/wp\/v2\/posts\/32328\/revisions\/32330"}],"wp:featuredmedia":[{"embeddable":true,"href":"https:\/\/www.egemtv.com\/index.php?rest_route=\/wp\/v2\/media\/32329"}],"wp:attachment":[{"href":"https:\/\/www.egemtv.com\/index.php?rest_route=%2Fwp%2Fv2%2Fmedia&parent=32328"}],"wp:term":[{"taxonomy":"category","embeddable":true,"href":"https:\/\/www.egemtv.com\/index.php?rest_route=%2Fwp%2Fv2%2Fcategories&post=32328"},{"taxonomy":"post_tag","embeddable":true,"href":"https:\/\/www.egemtv.com\/index.php?rest_route=%2Fwp%2Fv2%2Ftags&post=32328"}],"curies":[{"name":"wp","href":"https:\/\/api.w.org\/{rel}","templated":true}]}}