{"id":32322,"date":"2025-05-30T00:15:13","date_gmt":"2025-05-29T21:15:13","guid":{"rendered":"https:\/\/www.egemtv.com\/?p=32322"},"modified":"2025-05-30T00:15:19","modified_gmt":"2025-05-29T21:15:19","slug":"ayagina-agirlik-baglayip-denize-atladi","status":"publish","type":"post","link":"https:\/\/www.egemtv.com\/?p=32322","title":{"rendered":"Aya\u011f\u0131na a\u011f\u0131rl\u0131k ba\u011flay\u0131p denize atlad\u0131"},"content":{"rendered":"<p>Mu\u011fla\u2019n\u0131n Bodrum il\u00e7esinde aya\u011f\u0131na a\u011f\u0131rl\u0131k ba\u011flay\u0131p denize atlayan bir ki\u015fi hayat\u0131n\u0131 kaybetti.<br \/>\n<br \/>Edinilen bilgiye g\u00f6re, Bodrum\u2019da evli ve 1 \u00e7ocuk babas\u0131 Sinan D. (55), ailesi ve arkada\u015flar\u0131na mesaj atarak Adabo\u011faz\u0131 mevkiine gitti. \u0130hbar\u0131n ard\u0131ndan Sahil G\u00fcvenlik dal\u0131\u015f ekibi olay yerine hareket etti. B\u00f6lgede yap\u0131lan kontrollerde 2 metre derinlikte aya\u011f\u0131ndan a\u011f\u0131rl\u0131k ba\u011fl\u0131 halde bulunan \u015fahs\u0131n ya\u015fam\u0131n\u0131 yitirdi\u011fi belirlendi. Sinan D.\u2019nin cenazesi Bodrum Liman\u0131\u2019na getirildi. Olayla ilgili soru\u015fturma ba\u015flat\u0131ld\u0131.<br \/><\/p>\n","protected":false},"excerpt":{"rendered":"<p>Mu\u011fla\u2019n\u0131n Bodrum il\u00e7esinde aya\u011f\u0131na a\u011f\u0131rl\u0131k ba\u011flay\u0131p denize atlayan bir ki\u015fi hayat\u0131n\u0131 kaybetti. Edinilen bilgiye g\u00f6re, Bodrum\u2019da evli ve 1 \u00e7ocuk babas\u0131 Sinan D. (55), ailesi ve arkada\u015flar\u0131na mesaj atarak Adabo\u011faz\u0131 mevkiine gitti. \u0130hbar\u0131n ard\u0131ndan Sahil G\u00fcvenlik dal\u0131\u015f ekibi olay yerine hareket etti. B\u00f6lgede yap\u0131lan kontrollerde 2 metre derinlikte aya\u011f\u0131ndan a\u011f\u0131rl\u0131k ba\u011fl\u0131 halde bulunan \u015fahs\u0131n ya\u015fam\u0131n\u0131&#8230;<\/p>\n","protected":false},"author":1,"featured_media":32323,"comment_status":"open","ping_status":"open","sticky":false,"template":"","format":"standard","meta":{"_crdt_document":"","footnotes":""},"categories":[5],"tags":[],"class_list":["post-32322","post","type-post","status-publish","format-standard","has-post-thumbnail","hentry","category-asayis"],"_links":{"self":[{"href":"https:\/\/www.egemtv.com\/index.php?rest_route=\/wp\/v2\/posts\/32322","targetHints":{"allow":["GET"]}}],"collection":[{"href":"https:\/\/www.egemtv.com\/index.php?rest_route=\/wp\/v2\/posts"}],"about":[{"href":"https:\/\/www.egemtv.com\/index.php?rest_route=\/wp\/v2\/types\/post"}],"author":[{"embeddable":true,"href":"https:\/\/www.egemtv.com\/index.php?rest_route=\/wp\/v2\/users\/1"}],"replies":[{"embeddable":true,"href":"https:\/\/www.egemtv.com\/index.php?rest_route=%2Fwp%2Fv2%2Fcomments&post=32322"}],"version-history":[{"count":1,"href":"https:\/\/www.egemtv.com\/index.php?rest_route=\/wp\/v2\/posts\/32322\/revisions"}],"predecessor-version":[{"id":32324,"href":"https:\/\/www.egemtv.com\/index.php?rest_route=\/wp\/v2\/posts\/32322\/revisions\/32324"}],"wp:featuredmedia":[{"embeddable":true,"href":"https:\/\/www.egemtv.com\/index.php?rest_route=\/wp\/v2\/media\/32323"}],"wp:attachment":[{"href":"https:\/\/www.egemtv.com\/index.php?rest_route=%2Fwp%2Fv2%2Fmedia&parent=32322"}],"wp:term":[{"taxonomy":"category","embeddable":true,"href":"https:\/\/www.egemtv.com\/index.php?rest_route=%2Fwp%2Fv2%2Fcategories&post=32322"},{"taxonomy":"post_tag","embeddable":true,"href":"https:\/\/www.egemtv.com\/index.php?rest_route=%2Fwp%2Fv2%2Ftags&post=32322"}],"curies":[{"name":"wp","href":"https:\/\/api.w.org\/{rel}","templated":true}]}}