{"id":32319,"date":"2025-05-29T21:58:23","date_gmt":"2025-05-29T18:58:23","guid":{"rendered":"https:\/\/www.egemtv.com\/?p=32319"},"modified":"2025-05-29T21:58:29","modified_gmt":"2025-05-29T18:58:29","slug":"fethiyede-trafik-kazasi-1-olu-3-yarali","status":"publish","type":"post","link":"https:\/\/www.egemtv.com\/?p=32319","title":{"rendered":"Fethiye\u2019de trafik kazas\u0131: 1 \u00f6l\u00fc, 3 yaral\u0131"},"content":{"rendered":"<p>Mu\u011fla\u2019n\u0131n Fethiye il\u00e7esinde iki otomobilin \u00e7arp\u0131\u015fmas\u0131 sonucu meydana gelen trafik kazas\u0131nda 1 ki\u015fi hayat\u0131n\u0131 kaybetti, 3 ki\u015fi yaraland\u0131.<br \/>\n<br \/>Kaza, Fethiye il\u00e7esi Mustafa Kemal Bulvar\u0131 \u00fczerindeki Fethiye Adliye Kav\u015fa\u011f\u0131\u2019nda meydana geldi. Edinilen bilgiye g\u00f6re, Basri K. idaresindeki 07 K 3391 plakal\u0131 otomobil, hen\u00fcz bilinmeyen bir nedenle kar\u015f\u0131 \u015feride ge\u00e7erek Ya\u015far A. y\u00f6netimindeki 35 JJ 566 plakal\u0131 otomobille \u00e7arp\u0131\u015ft\u0131. Kazada s\u00fcr\u00fcc\u00fcler Ya\u015far A. ve Basri K. ile birlikte ara\u00e7larda yolcu olarak bulunan G\u00f6n\u00fcl A. ve \u0130skender B. yaraland\u0131. \u0130hbar \u00fczerine olay yerine sa\u011fl\u0131k ve polis ekipleri sevk edildi. Yaral\u0131lar, olay yerindeki ilk m\u00fcdahalenin ard\u0131ndan ambulanslarla hastaneye kald\u0131r\u0131ld\u0131. Yaral\u0131lardan \u0130skender B., hastanede yap\u0131lan t\u00fcm m\u00fcdahalelere ra\u011fmen kurtar\u0131lamad\u0131. Kazayla ilgili soru\u015fturma ba\u015flat\u0131ld\u0131.<br \/><\/p>\n","protected":false},"excerpt":{"rendered":"<p>Mu\u011fla\u2019n\u0131n Fethiye il\u00e7esinde iki otomobilin \u00e7arp\u0131\u015fmas\u0131 sonucu meydana gelen trafik kazas\u0131nda 1 ki\u015fi hayat\u0131n\u0131 kaybetti, 3 ki\u015fi yaraland\u0131. Kaza, Fethiye il\u00e7esi Mustafa Kemal Bulvar\u0131 \u00fczerindeki Fethiye Adliye Kav\u015fa\u011f\u0131\u2019nda meydana geldi. Edinilen bilgiye g\u00f6re, Basri K. idaresindeki 07 K 3391 plakal\u0131 otomobil, hen\u00fcz bilinmeyen bir nedenle kar\u015f\u0131 \u015feride ge\u00e7erek Ya\u015far A. y\u00f6netimindeki 35 JJ 566 plakal\u0131&#8230;<\/p>\n","protected":false},"author":1,"featured_media":32320,"comment_status":"open","ping_status":"open","sticky":false,"template":"","format":"standard","meta":{"_crdt_document":"","footnotes":""},"categories":[5],"tags":[],"class_list":["post-32319","post","type-post","status-publish","format-standard","has-post-thumbnail","hentry","category-asayis"],"_links":{"self":[{"href":"https:\/\/www.egemtv.com\/index.php?rest_route=\/wp\/v2\/posts\/32319","targetHints":{"allow":["GET"]}}],"collection":[{"href":"https:\/\/www.egemtv.com\/index.php?rest_route=\/wp\/v2\/posts"}],"about":[{"href":"https:\/\/www.egemtv.com\/index.php?rest_route=\/wp\/v2\/types\/post"}],"author":[{"embeddable":true,"href":"https:\/\/www.egemtv.com\/index.php?rest_route=\/wp\/v2\/users\/1"}],"replies":[{"embeddable":true,"href":"https:\/\/www.egemtv.com\/index.php?rest_route=%2Fwp%2Fv2%2Fcomments&post=32319"}],"version-history":[{"count":1,"href":"https:\/\/www.egemtv.com\/index.php?rest_route=\/wp\/v2\/posts\/32319\/revisions"}],"predecessor-version":[{"id":32321,"href":"https:\/\/www.egemtv.com\/index.php?rest_route=\/wp\/v2\/posts\/32319\/revisions\/32321"}],"wp:featuredmedia":[{"embeddable":true,"href":"https:\/\/www.egemtv.com\/index.php?rest_route=\/wp\/v2\/media\/32320"}],"wp:attachment":[{"href":"https:\/\/www.egemtv.com\/index.php?rest_route=%2Fwp%2Fv2%2Fmedia&parent=32319"}],"wp:term":[{"taxonomy":"category","embeddable":true,"href":"https:\/\/www.egemtv.com\/index.php?rest_route=%2Fwp%2Fv2%2Fcategories&post=32319"},{"taxonomy":"post_tag","embeddable":true,"href":"https:\/\/www.egemtv.com\/index.php?rest_route=%2Fwp%2Fv2%2Ftags&post=32319"}],"curies":[{"name":"wp","href":"https:\/\/api.w.org\/{rel}","templated":true}]}}