{"id":32316,"date":"2025-05-29T20:21:26","date_gmt":"2025-05-29T17:21:26","guid":{"rendered":"https:\/\/www.egemtv.com\/?p=32316"},"modified":"2025-05-29T20:21:32","modified_gmt":"2025-05-29T17:21:32","slug":"izmirde-otomobile-silahli-saldiri-ayni-aileden-3-kisi-oldu","status":"publish","type":"post","link":"https:\/\/www.egemtv.com\/?p=32316","title":{"rendered":"\u0130zmir\u2019de otomobile silahl\u0131 sald\u0131r\u0131: Ayn\u0131 aileden 3 ki\u015fi \u00f6ld\u00fc"},"content":{"rendered":"<p>\u0130zmir\u2019in Torbal\u0131 il\u00e7esinde bir otomobile d\u00fczenlenen silahl\u0131 sald\u0131r\u0131da ayn\u0131 aileden 3 ki\u015fi hayat\u0131n\u0131 kaybederken 2 ki\u015fi a\u011f\u0131r yaraland\u0131. Ailenin cezaevindeki o\u011fullar\u0131n\u0131 ziyaretten d\u00f6nerken sald\u0131r\u0131ya u\u011frad\u0131\u011f\u0131 iddia edildi.<br \/>\n<br \/>Olay, saat 17.00 s\u0131ralar\u0131nda Ayranc\u0131lar \u0130n\u00f6n\u00fc Mahallesi \u0130zmir-Ayd\u0131n Yolu\u2019nda meydana geldi. Edinilen bilgiye g\u00f6re, cezaevindeki o\u011fullar\u0131n\u0131 ziyaretten d\u00f6nd\u00fckleri \u00f6\u011frenilen 35 ARZ 403 plakal\u0131 otomobilde bulunan Adnan \u00d6. ve ailesi, kimli\u011fin belirsiz ki\u015filerce pompal\u0131 t\u00fcfek ve tabancalarla sald\u0131r\u0131s\u0131na u\u011frad\u0131. Sald\u0131rganlar arac\u0131 adeta tararken daha sonra olay yerinden h\u0131zla ka\u00e7t\u0131. Ara\u00e7 i\u00e7erisinde bulunan 5 ki\u015fi kanlar i\u00e7erisinde kal\u0131rken \u00e7evredekilerin durumu bildirmesi \u00fczerine olay yerine \u00e7ok say\u0131da jandarma ve sa\u011fl\u0131k ekibi sevk edildi. Jandarma ekibi b\u00f6lgeyi g\u00fcvenlik \u00e7emberine al\u0131rken sa\u011fl\u0131k ekipleri taraf\u0131ndan yap\u0131lan incelemede ara\u00e7 i\u00e7erisinde bulunanlardan Adnan \u00d6. ve 2 ki\u015finin daha hayat\u0131n\u0131 kaybetti\u011fi belirlendi. Ara\u00e7ta bulunan Adnan \u00d6.\u2019nin kar\u0131s\u0131 Ay\u015fe \u00d6. ve o\u011flu Ahmet \u00d6. ise a\u011f\u0131r yaral\u0131 olarak hastaneye kald\u0131r\u0131ld\u0131.<\/p>\n<p>Silah \u00e7\u00f6p kovas\u0131nda bulundu<br \/>\n<br \/>\u00d6te yandan olayda kullan\u0131lan silahlardan birinin \u00e7\u00f6p kovas\u0131nda bulunuldu\u011fu \u00f6\u011frenilirken, \u015f\u00fcphelileri yakalamak i\u00e7in jandarma ekipleri taraf\u0131ndan geni\u015f \u00e7apl\u0131 \u00e7al\u0131\u015fma ba\u015flat\u0131ld\u0131.<br \/><\/p>\n","protected":false},"excerpt":{"rendered":"<p>\u0130zmir\u2019in Torbal\u0131 il\u00e7esinde bir otomobile d\u00fczenlenen silahl\u0131 sald\u0131r\u0131da ayn\u0131 aileden 3 ki\u015fi hayat\u0131n\u0131 kaybederken 2 ki\u015fi a\u011f\u0131r yaraland\u0131. Ailenin cezaevindeki o\u011fullar\u0131n\u0131 ziyaretten d\u00f6nerken sald\u0131r\u0131ya u\u011frad\u0131\u011f\u0131 iddia edildi. Olay, saat 17.00 s\u0131ralar\u0131nda Ayranc\u0131lar \u0130n\u00f6n\u00fc Mahallesi \u0130zmir-Ayd\u0131n Yolu\u2019nda meydana geldi. Edinilen bilgiye g\u00f6re, cezaevindeki o\u011fullar\u0131n\u0131 ziyaretten d\u00f6nd\u00fckleri \u00f6\u011frenilen 35 ARZ 403 plakal\u0131 otomobilde bulunan Adnan \u00d6. ve&#8230;<\/p>\n","protected":false},"author":1,"featured_media":32317,"comment_status":"open","ping_status":"open","sticky":false,"template":"","format":"standard","meta":{"_crdt_document":"","footnotes":""},"categories":[5],"tags":[],"class_list":["post-32316","post","type-post","status-publish","format-standard","has-post-thumbnail","hentry","category-asayis"],"_links":{"self":[{"href":"https:\/\/www.egemtv.com\/index.php?rest_route=\/wp\/v2\/posts\/32316","targetHints":{"allow":["GET"]}}],"collection":[{"href":"https:\/\/www.egemtv.com\/index.php?rest_route=\/wp\/v2\/posts"}],"about":[{"href":"https:\/\/www.egemtv.com\/index.php?rest_route=\/wp\/v2\/types\/post"}],"author":[{"embeddable":true,"href":"https:\/\/www.egemtv.com\/index.php?rest_route=\/wp\/v2\/users\/1"}],"replies":[{"embeddable":true,"href":"https:\/\/www.egemtv.com\/index.php?rest_route=%2Fwp%2Fv2%2Fcomments&post=32316"}],"version-history":[{"count":1,"href":"https:\/\/www.egemtv.com\/index.php?rest_route=\/wp\/v2\/posts\/32316\/revisions"}],"predecessor-version":[{"id":32318,"href":"https:\/\/www.egemtv.com\/index.php?rest_route=\/wp\/v2\/posts\/32316\/revisions\/32318"}],"wp:featuredmedia":[{"embeddable":true,"href":"https:\/\/www.egemtv.com\/index.php?rest_route=\/wp\/v2\/media\/32317"}],"wp:attachment":[{"href":"https:\/\/www.egemtv.com\/index.php?rest_route=%2Fwp%2Fv2%2Fmedia&parent=32316"}],"wp:term":[{"taxonomy":"category","embeddable":true,"href":"https:\/\/www.egemtv.com\/index.php?rest_route=%2Fwp%2Fv2%2Fcategories&post=32316"},{"taxonomy":"post_tag","embeddable":true,"href":"https:\/\/www.egemtv.com\/index.php?rest_route=%2Fwp%2Fv2%2Ftags&post=32316"}],"curies":[{"name":"wp","href":"https:\/\/api.w.org\/{rel}","templated":true}]}}