{"id":32313,"date":"2025-05-29T20:21:19","date_gmt":"2025-05-29T17:21:19","guid":{"rendered":"https:\/\/www.egemtv.com\/?p=32313"},"modified":"2025-05-29T20:21:26","modified_gmt":"2025-05-29T17:21:26","slug":"doga-harikasi-milli-parkta-kiyi-temizligi","status":"publish","type":"post","link":"https:\/\/www.egemtv.com\/?p=32313","title":{"rendered":"Do\u011fa harikas\u0131 Milli Park\u2019ta k\u0131y\u0131 temizli\u011fi"},"content":{"rendered":"<p>5 Haziran D\u00fcnya \u00c7evre G\u00fcn\u00fc etkinlikleri kapsam\u0131nda, Dilek Yar\u0131madas\u0131 B\u00fcy\u00fck Menderes Deltas\u0131 Milli Park\u0131\u2019nda, Ayd\u0131n \u00c7evre, \u015eehircilik ve \u0130klim De\u011fi\u015fikli\u011fi \u0130l M\u00fcd\u00fcrl\u00fc\u011f\u00fc ile Ku\u015fadas\u0131 Belediyesi Temizlik \u0130\u015fleri M\u00fcd\u00fcrl\u00fc\u011f\u00fc i\u015f birli\u011finde d\u00fczenlenen k\u0131y\u0131 temizli\u011fi yap\u0131ld\u0131.<\/p>\n<p>T\u00fcrkiye\u2019nin en \u00f6nemli do\u011fal ya\u015fam alanlar\u0131ndan Dilek Yar\u0131madas\u0131 B\u00fcy\u00fck Menderes Deltas\u0131 Milli Park\u0131\u2019nda, do\u011fa ve \u00e7evre koruma bilinci olu\u015fturmak amac\u0131yla ger\u00e7ekle\u015fen k\u0131y\u0131 temizli\u011fine Ayd\u0131n \u00c7evre, \u015eehircilik ve \u0130klim De\u011fi\u015fikli\u011fi \u0130l M\u00fcd\u00fcrl\u00fc\u011f\u00fcnden 15, Ku\u015fadas\u0131 Belediyesi Temizlik \u0130\u015fleri M\u00fcd\u00fcrl\u00fc\u011f\u00fcnden 14 ki\u015filik ekip ile Kavakl\u0131 Karakol Komutanl\u0131\u011f\u0131\u2019ndan 10 jandarma personeli kat\u0131ld\u0131. \u0130lyas A\u011fa koyundan ba\u015flay\u0131p Mersindere koyu ile s\u00fcren etkinlik ile k\u0131y\u0131 \u015feridi boyunca kapsaml\u0131 bir m\u0131nt\u0131ka temizli\u011fi yap\u0131ld\u0131. Temizlikle,  a\u011f\u0131rl\u0131kl\u0131 olarak pet \u015fi\u015fe, plastik ve cam ambalaj at\u0131\u011f\u0131 ile hayalet a\u011flardan olu\u015fan 4 r\u00f6mork at\u0131k topland\u0131.<\/p>\n<p>Etkinlikte, Ku\u015fadas\u0131 Belediyesi taraf\u0131ndan b\u00fcy\u00fck \u00e7\u00f6p kamyonlar\u0131n\u0131n giremedi\u011fi dar ve dik alanlarda temizlik faaliyetlerini kolayla\u015ft\u0131rmak amac\u0131yla ya\u015fama ge\u00e7irilen \u00c7\u00f6p Taksi de kullan\u0131ld\u0131. Bu \u00f6zel ara\u00e7 sayesinde ula\u015f\u0131lmas\u0131 zor b\u00f6lgelerdeki at\u0131klar h\u0131zl\u0131 ve etkili bi\u00e7imde toplanarak do\u011fadan uzakla\u015ft\u0131r\u0131ld\u0131.<\/p>\n<p>Ayd\u0131n \u00c7evre \u015eehircilik ve \u0130klim De\u011fi\u015fikli\u011fi \u0130l M\u00fcd\u00fcr\u00fc Halit Ergin, \u0130l M\u00fcd\u00fcr Yard\u0131mc\u0131s\u0131 Emine Mine Sert ve Ku\u015fadas\u0131 Belediyesi Temizlik \u0130\u015fleri M\u00fcd\u00fcr\u00fc Hakan Bayrak\u2019\u0131n da kat\u0131ld\u0131\u011f\u0131 k\u0131y\u0131 temizli\u011finde do\u011fal alanlar\u0131n korunup gelece\u011fe ta\u015f\u0131nmas\u0131n\u0131n \u00f6nemine dikkat \u00e7ekildi.<br \/><\/p>\n","protected":false},"excerpt":{"rendered":"<p>5 Haziran D\u00fcnya \u00c7evre G\u00fcn\u00fc etkinlikleri kapsam\u0131nda, Dilek Yar\u0131madas\u0131 B\u00fcy\u00fck Menderes Deltas\u0131 Milli Park\u0131\u2019nda, Ayd\u0131n \u00c7evre, \u015eehircilik ve \u0130klim De\u011fi\u015fikli\u011fi \u0130l M\u00fcd\u00fcrl\u00fc\u011f\u00fc ile Ku\u015fadas\u0131 Belediyesi Temizlik \u0130\u015fleri M\u00fcd\u00fcrl\u00fc\u011f\u00fc i\u015f birli\u011finde d\u00fczenlenen k\u0131y\u0131 temizli\u011fi yap\u0131ld\u0131. T\u00fcrkiye\u2019nin en \u00f6nemli do\u011fal ya\u015fam alanlar\u0131ndan Dilek Yar\u0131madas\u0131 B\u00fcy\u00fck Menderes Deltas\u0131 Milli Park\u0131\u2019nda, do\u011fa ve \u00e7evre koruma bilinci olu\u015fturmak amac\u0131yla ger\u00e7ekle\u015fen&#8230;<\/p>\n","protected":false},"author":1,"featured_media":32314,"comment_status":"open","ping_status":"open","sticky":false,"template":"","format":"standard","meta":{"_crdt_document":"","footnotes":""},"categories":[1],"tags":[],"class_list":["post-32313","post","type-post","status-publish","format-standard","has-post-thumbnail","hentry","category-guncel"],"_links":{"self":[{"href":"https:\/\/www.egemtv.com\/index.php?rest_route=\/wp\/v2\/posts\/32313","targetHints":{"allow":["GET"]}}],"collection":[{"href":"https:\/\/www.egemtv.com\/index.php?rest_route=\/wp\/v2\/posts"}],"about":[{"href":"https:\/\/www.egemtv.com\/index.php?rest_route=\/wp\/v2\/types\/post"}],"author":[{"embeddable":true,"href":"https:\/\/www.egemtv.com\/index.php?rest_route=\/wp\/v2\/users\/1"}],"replies":[{"embeddable":true,"href":"https:\/\/www.egemtv.com\/index.php?rest_route=%2Fwp%2Fv2%2Fcomments&post=32313"}],"version-history":[{"count":1,"href":"https:\/\/www.egemtv.com\/index.php?rest_route=\/wp\/v2\/posts\/32313\/revisions"}],"predecessor-version":[{"id":32315,"href":"https:\/\/www.egemtv.com\/index.php?rest_route=\/wp\/v2\/posts\/32313\/revisions\/32315"}],"wp:featuredmedia":[{"embeddable":true,"href":"https:\/\/www.egemtv.com\/index.php?rest_route=\/wp\/v2\/media\/32314"}],"wp:attachment":[{"href":"https:\/\/www.egemtv.com\/index.php?rest_route=%2Fwp%2Fv2%2Fmedia&parent=32313"}],"wp:term":[{"taxonomy":"category","embeddable":true,"href":"https:\/\/www.egemtv.com\/index.php?rest_route=%2Fwp%2Fv2%2Fcategories&post=32313"},{"taxonomy":"post_tag","embeddable":true,"href":"https:\/\/www.egemtv.com\/index.php?rest_route=%2Fwp%2Fv2%2Ftags&post=32313"}],"curies":[{"name":"wp","href":"https:\/\/api.w.org\/{rel}","templated":true}]}}