{"id":32310,"date":"2025-05-29T20:21:18","date_gmt":"2025-05-29T17:21:18","guid":{"rendered":"https:\/\/www.egemtv.com\/?p=32310"},"modified":"2025-05-29T20:21:19","modified_gmt":"2025-05-29T17:21:19","slug":"yaban-domuzu-besleyen-3-kisiye-para-cezasi","status":"publish","type":"post","link":"https:\/\/www.egemtv.com\/?p=32310","title":{"rendered":"Yaban domuzu besleyen 3 ki\u015fiye para cezas\u0131"},"content":{"rendered":"<p>Ku\u015fadas\u0131 Kaymakaml\u0131\u011f\u0131 taraf\u0131ndan yay\u0131mlanan yasak karar\u0131n\u0131n ard\u0131ndan y\u00fcr\u00fct\u00fclen denetimlerde, yaban domuzu besledi\u011fi tespit edilen 3 ki\u015fiye toplamda 20 bin 769 TL idari para cezas\u0131 kesildi.<br \/>\n<br \/>Hayvan Sa\u011fl\u0131\u011f\u0131 Zab\u0131tas\u0131 Komisyonu kararlar\u0131 do\u011frultusunda al\u0131nan yasak, 5199 Say\u0131l\u0131 Hayvanlar\u0131 Koruma Kanunu\u2019na dayand\u0131r\u0131larak y\u00fcr\u00fcrl\u00fc\u011fe girmi\u015fti. Denetimler bug\u00fcn \u0130l\u00e7e Tar\u0131m ve Orman M\u00fcd\u00fcrl\u00fc\u011f\u00fc ile \u0130l\u00e7e Jandarma Komutanl\u0131\u011f\u0131 ekipleri taraf\u0131ndan Kad\u0131nlar Denizi ve So\u011fucak Mahalleleri\u2019nde ger\u00e7ekle\u015ftirildi. Sahada yap\u0131lan g\u00f6zlemler ve vatanda\u015flardan gelen ihbarlar do\u011frultusunda, 3 ki\u015finin yaban domuzlar\u0131n\u0131 evcil hayvan gibi d\u00fczenli \u015fekilde besledi\u011fi belirlendi.<br \/>\n<br \/>Her bir ki\u015fiye 6 bin 923 TL olmak \u00fczere toplam 20 bin 769 TL para cezas\u0131 uygulan\u0131rken, ilgili adreslerde tutanak tutuldu. Yetkililer, benzer ihlallerin \u00f6n\u00fcne ge\u00e7mek amac\u0131yla denetimlerin art\u0131r\u0131larak s\u00fcrece\u011fini bildirdi.<br \/>\n<br \/>Yasak karar\u0131na g\u00f6re, yaban domuzlar\u0131n\u0131n yerle\u015fim yerlerine \u00e7ekilmesine neden olacak herhangi bir besleme faaliyeti yasak kapsam\u0131na giriyor. Karar ge\u00e7ti\u011fimiz hafta Ku\u015fadas\u0131 Kaymakaml\u0131\u011f\u0131\u2019n\u0131n resmi kanallar\u0131ndan duyurulmu\u015ftu.<br \/>\n<br \/>\u0130l\u00e7ede son d\u00f6nemde yaban domuzu pop\u00fclasyonunun artmas\u0131 ve baz\u0131 mahallelerde g\u00fcnd\u00fcz saatlerinde g\u00f6r\u00fclmeye ba\u015flamas\u0131, ilgili kurumlar\u0131 harekete ge\u00e7irmi\u015fti. Ekiplerin, \u00f6zellikle k\u0131rsal ve ormanl\u0131k alanlara yak\u0131n b\u00f6lgelerdeki kamera kay\u0131tlar\u0131 ve yerel ihbarlar do\u011frultusunda kontrollerini s\u00fcrd\u00fcrece\u011fi \u00f6\u011frenildi.<br \/><\/p>\n","protected":false},"excerpt":{"rendered":"<p>Ku\u015fadas\u0131 Kaymakaml\u0131\u011f\u0131 taraf\u0131ndan yay\u0131mlanan yasak karar\u0131n\u0131n ard\u0131ndan y\u00fcr\u00fct\u00fclen denetimlerde, yaban domuzu besledi\u011fi tespit edilen 3 ki\u015fiye toplamda 20 bin 769 TL idari para cezas\u0131 kesildi. Hayvan Sa\u011fl\u0131\u011f\u0131 Zab\u0131tas\u0131 Komisyonu kararlar\u0131 do\u011frultusunda al\u0131nan yasak, 5199 Say\u0131l\u0131 Hayvanlar\u0131 Koruma Kanunu\u2019na dayand\u0131r\u0131larak y\u00fcr\u00fcrl\u00fc\u011fe girmi\u015fti. Denetimler bug\u00fcn \u0130l\u00e7e Tar\u0131m ve Orman M\u00fcd\u00fcrl\u00fc\u011f\u00fc ile \u0130l\u00e7e Jandarma Komutanl\u0131\u011f\u0131 ekipleri taraf\u0131ndan Kad\u0131nlar&#8230;<\/p>\n","protected":false},"author":1,"featured_media":32311,"comment_status":"open","ping_status":"open","sticky":false,"template":"","format":"standard","meta":{"_crdt_document":"","footnotes":""},"categories":[5],"tags":[],"class_list":["post-32310","post","type-post","status-publish","format-standard","has-post-thumbnail","hentry","category-asayis"],"_links":{"self":[{"href":"https:\/\/www.egemtv.com\/index.php?rest_route=\/wp\/v2\/posts\/32310","targetHints":{"allow":["GET"]}}],"collection":[{"href":"https:\/\/www.egemtv.com\/index.php?rest_route=\/wp\/v2\/posts"}],"about":[{"href":"https:\/\/www.egemtv.com\/index.php?rest_route=\/wp\/v2\/types\/post"}],"author":[{"embeddable":true,"href":"https:\/\/www.egemtv.com\/index.php?rest_route=\/wp\/v2\/users\/1"}],"replies":[{"embeddable":true,"href":"https:\/\/www.egemtv.com\/index.php?rest_route=%2Fwp%2Fv2%2Fcomments&post=32310"}],"version-history":[{"count":1,"href":"https:\/\/www.egemtv.com\/index.php?rest_route=\/wp\/v2\/posts\/32310\/revisions"}],"predecessor-version":[{"id":32312,"href":"https:\/\/www.egemtv.com\/index.php?rest_route=\/wp\/v2\/posts\/32310\/revisions\/32312"}],"wp:featuredmedia":[{"embeddable":true,"href":"https:\/\/www.egemtv.com\/index.php?rest_route=\/wp\/v2\/media\/32311"}],"wp:attachment":[{"href":"https:\/\/www.egemtv.com\/index.php?rest_route=%2Fwp%2Fv2%2Fmedia&parent=32310"}],"wp:term":[{"taxonomy":"category","embeddable":true,"href":"https:\/\/www.egemtv.com\/index.php?rest_route=%2Fwp%2Fv2%2Fcategories&post=32310"},{"taxonomy":"post_tag","embeddable":true,"href":"https:\/\/www.egemtv.com\/index.php?rest_route=%2Fwp%2Fv2%2Ftags&post=32310"}],"curies":[{"name":"wp","href":"https:\/\/api.w.org\/{rel}","templated":true}]}}