{"id":32307,"date":"2025-05-29T19:54:37","date_gmt":"2025-05-29T16:54:37","guid":{"rendered":"https:\/\/www.egemtv.com\/?p=32307"},"modified":"2025-05-29T19:54:43","modified_gmt":"2025-05-29T16:54:43","slug":"muglada-beklenen-yagis-erken-geldi-vatandaslar-hazirliksiz-yakalandi","status":"publish","type":"post","link":"https:\/\/www.egemtv.com\/?p=32307","title":{"rendered":"Mu\u011fla\u2019da beklenen ya\u011f\u0131\u015f erken geldi, vatanda\u015flar haz\u0131rl\u0131ks\u0131z yakaland\u0131"},"content":{"rendered":"<p>Mu\u011fla\u2019n\u0131n i\u00e7 kesimlerinde, \u00f6zellikle Mente\u015fe il\u00e7esinde, Per\u015fembe ak\u015fam\u0131 ani ve kuvvetli sa\u011fanak ya\u011f\u0131\u015f etkili oldu. Meteoroloji Genel M\u00fcd\u00fcrl\u00fc\u011f\u00fc, Cuma g\u00fcn\u00fc i\u00e7in Mu\u011fla\u2019n\u0131n i\u00e7 kesimleri i\u00e7in \u2018Sar\u0131\u2019 kodlu uyar\u0131 yapt\u0131. Bu uyar\u0131, g\u00f6k g\u00fcr\u00fclt\u00fcl\u00fc sa\u011fanak ya\u011f\u0131\u015flar\u0131n yerel olarak kuvvetli olaca\u011f\u0131 ve ani sel, su bask\u0131n\u0131, y\u0131ld\u0131r\u0131m, yerel dolu ya\u011f\u0131\u015f\u0131, kuvvetli r\u00fczgar gibi olumsuzluklara kar\u015f\u0131 dikkatli olunmas\u0131 gerekti\u011fini belirtiyor.<br \/>\n<br \/>Sa\u011fanak ya\u011f\u0131\u015f Cuma g\u00fcn\u00fc beklenirken Per\u015fembe ak\u015fam saatlerinde Mente\u015fe il\u00e7esinde etkili olan sa\u011fanak ya\u011f\u0131\u015f, vatanda\u015flar\u0131 haz\u0131rl\u0131ks\u0131z yakalad\u0131. Ya\u011fmurun ani bast\u0131rmas\u0131 nedeniyle bir\u00e7ok ki\u015fi, ya\u011fmurlu havaya ald\u0131r\u0131\u015f etmeden g\u00fcnl\u00fck ya\u015famlar\u0131na devam etti.<br \/><\/p>\n","protected":false},"excerpt":{"rendered":"<p>Mu\u011fla\u2019n\u0131n i\u00e7 kesimlerinde, \u00f6zellikle Mente\u015fe il\u00e7esinde, Per\u015fembe ak\u015fam\u0131 ani ve kuvvetli sa\u011fanak ya\u011f\u0131\u015f etkili oldu. Meteoroloji Genel M\u00fcd\u00fcrl\u00fc\u011f\u00fc, Cuma g\u00fcn\u00fc i\u00e7in Mu\u011fla\u2019n\u0131n i\u00e7 kesimleri i\u00e7in \u2018Sar\u0131\u2019 kodlu uyar\u0131 yapt\u0131. Bu uyar\u0131, g\u00f6k g\u00fcr\u00fclt\u00fcl\u00fc sa\u011fanak ya\u011f\u0131\u015flar\u0131n yerel olarak kuvvetli olaca\u011f\u0131 ve ani sel, su bask\u0131n\u0131, y\u0131ld\u0131r\u0131m, yerel dolu ya\u011f\u0131\u015f\u0131, kuvvetli r\u00fczgar gibi olumsuzluklara kar\u015f\u0131 dikkatli olunmas\u0131&#8230;<\/p>\n","protected":false},"author":1,"featured_media":32308,"comment_status":"open","ping_status":"open","sticky":false,"template":"","format":"standard","meta":{"_crdt_document":"","footnotes":""},"categories":[1],"tags":[],"class_list":["post-32307","post","type-post","status-publish","format-standard","has-post-thumbnail","hentry","category-guncel"],"_links":{"self":[{"href":"https:\/\/www.egemtv.com\/index.php?rest_route=\/wp\/v2\/posts\/32307","targetHints":{"allow":["GET"]}}],"collection":[{"href":"https:\/\/www.egemtv.com\/index.php?rest_route=\/wp\/v2\/posts"}],"about":[{"href":"https:\/\/www.egemtv.com\/index.php?rest_route=\/wp\/v2\/types\/post"}],"author":[{"embeddable":true,"href":"https:\/\/www.egemtv.com\/index.php?rest_route=\/wp\/v2\/users\/1"}],"replies":[{"embeddable":true,"href":"https:\/\/www.egemtv.com\/index.php?rest_route=%2Fwp%2Fv2%2Fcomments&post=32307"}],"version-history":[{"count":1,"href":"https:\/\/www.egemtv.com\/index.php?rest_route=\/wp\/v2\/posts\/32307\/revisions"}],"predecessor-version":[{"id":32309,"href":"https:\/\/www.egemtv.com\/index.php?rest_route=\/wp\/v2\/posts\/32307\/revisions\/32309"}],"wp:featuredmedia":[{"embeddable":true,"href":"https:\/\/www.egemtv.com\/index.php?rest_route=\/wp\/v2\/media\/32308"}],"wp:attachment":[{"href":"https:\/\/www.egemtv.com\/index.php?rest_route=%2Fwp%2Fv2%2Fmedia&parent=32307"}],"wp:term":[{"taxonomy":"category","embeddable":true,"href":"https:\/\/www.egemtv.com\/index.php?rest_route=%2Fwp%2Fv2%2Fcategories&post=32307"},{"taxonomy":"post_tag","embeddable":true,"href":"https:\/\/www.egemtv.com\/index.php?rest_route=%2Fwp%2Fv2%2Ftags&post=32307"}],"curies":[{"name":"wp","href":"https:\/\/api.w.org\/{rel}","templated":true}]}}