{"id":32304,"date":"2025-05-29T18:20:54","date_gmt":"2025-05-29T15:20:54","guid":{"rendered":"https:\/\/www.egemtv.com\/?p=32304"},"modified":"2025-05-29T18:21:01","modified_gmt":"2025-05-29T15:21:01","slug":"provasi-bile-heyecanlandirdi-aydinlilar-heyecan-ve-merakla-izledi","status":"publish","type":"post","link":"https:\/\/www.egemtv.com\/?p=32304","title":{"rendered":"Provas\u0131 bile heyecanland\u0131rd\u0131: Ayd\u0131nl\u0131lar heyecan ve merakla izledi"},"content":{"rendered":"<p>Ayd\u0131n semalar\u0131nda komandolarla birlikte al\u00e7ak u\u00e7u\u015f yapan askeri helikopteri, vatanda\u015flar heyecan ve merakla izledi. G\u00f6sterinin sebebinin, ta\u015f\u0131nacak olan Ayd\u0131n 1. Er E\u011fitim Taburu\u2019ndaki son yemin t\u00f6reni \u00f6ncesindeki prova u\u00e7u\u015fu oldu\u011fu \u00f6\u011frenildi.<br \/>\n<br \/>Ayd\u0131n\u2019\u0131n Efeler il\u00e7esindeki Ayd\u0131n 1. Er E\u011fitim Taburu\u2019nun ta\u015f\u0131nmas\u0131 sebebiyle son yemin t\u00f6reni yar\u0131n ger\u00e7ekle\u015ftirilecek. Taburun son yemin t\u00f6reni olmas\u0131 sebebiyle komandolardan olu\u015fan helikopter g\u00f6sterisinin provas\u0131 ise vatanda\u015flar\u0131 heyecanland\u0131rd\u0131. T\u00fcrk bayra\u011f\u0131, Atat\u00fcrk posteri ve jandarma flamas\u0131n\u0131 ta\u015f\u0131yan helikopter g\u00f6sterisi \u00f6ncesinde komandolar ile prova ger\u00e7ekle\u015ftirdi. Ayd\u0131n semalar\u0131nda al\u00e7ak u\u00e7u\u015f yapan helikopteri ve komandolar\u0131 g\u00f6ren vatanda\u015flar ise o anlar\u0131 heyecan ve merakla izledi. Kimi vatanda\u015flar o anlar\u0131 cep telefonlar\u0131 ile kaydetti. Ayd\u0131n 1. Er E\u011fitim Taburu\u2019nun ta\u015f\u0131naca\u011f\u0131 ve yerine 4 yeni komando taburunun kurulaca\u011f\u0131 \u00f6\u011frenildi.<br \/><\/p>\n","protected":false},"excerpt":{"rendered":"<p>Ayd\u0131n semalar\u0131nda komandolarla birlikte al\u00e7ak u\u00e7u\u015f yapan askeri helikopteri, vatanda\u015flar heyecan ve merakla izledi. G\u00f6sterinin sebebinin, ta\u015f\u0131nacak olan Ayd\u0131n 1. Er E\u011fitim Taburu\u2019ndaki son yemin t\u00f6reni \u00f6ncesindeki prova u\u00e7u\u015fu oldu\u011fu \u00f6\u011frenildi. Ayd\u0131n\u2019\u0131n Efeler il\u00e7esindeki Ayd\u0131n 1. Er E\u011fitim Taburu\u2019nun ta\u015f\u0131nmas\u0131 sebebiyle son yemin t\u00f6reni yar\u0131n ger\u00e7ekle\u015ftirilecek. Taburun son yemin t\u00f6reni olmas\u0131 sebebiyle komandolardan olu\u015fan helikopter&#8230;<\/p>\n","protected":false},"author":1,"featured_media":32305,"comment_status":"open","ping_status":"open","sticky":false,"template":"","format":"standard","meta":{"_crdt_document":"","footnotes":""},"categories":[1],"tags":[],"class_list":["post-32304","post","type-post","status-publish","format-standard","has-post-thumbnail","hentry","category-guncel"],"_links":{"self":[{"href":"https:\/\/www.egemtv.com\/index.php?rest_route=\/wp\/v2\/posts\/32304","targetHints":{"allow":["GET"]}}],"collection":[{"href":"https:\/\/www.egemtv.com\/index.php?rest_route=\/wp\/v2\/posts"}],"about":[{"href":"https:\/\/www.egemtv.com\/index.php?rest_route=\/wp\/v2\/types\/post"}],"author":[{"embeddable":true,"href":"https:\/\/www.egemtv.com\/index.php?rest_route=\/wp\/v2\/users\/1"}],"replies":[{"embeddable":true,"href":"https:\/\/www.egemtv.com\/index.php?rest_route=%2Fwp%2Fv2%2Fcomments&post=32304"}],"version-history":[{"count":1,"href":"https:\/\/www.egemtv.com\/index.php?rest_route=\/wp\/v2\/posts\/32304\/revisions"}],"predecessor-version":[{"id":32306,"href":"https:\/\/www.egemtv.com\/index.php?rest_route=\/wp\/v2\/posts\/32304\/revisions\/32306"}],"wp:featuredmedia":[{"embeddable":true,"href":"https:\/\/www.egemtv.com\/index.php?rest_route=\/wp\/v2\/media\/32305"}],"wp:attachment":[{"href":"https:\/\/www.egemtv.com\/index.php?rest_route=%2Fwp%2Fv2%2Fmedia&parent=32304"}],"wp:term":[{"taxonomy":"category","embeddable":true,"href":"https:\/\/www.egemtv.com\/index.php?rest_route=%2Fwp%2Fv2%2Fcategories&post=32304"},{"taxonomy":"post_tag","embeddable":true,"href":"https:\/\/www.egemtv.com\/index.php?rest_route=%2Fwp%2Fv2%2Ftags&post=32304"}],"curies":[{"name":"wp","href":"https:\/\/api.w.org\/{rel}","templated":true}]}}