{"id":32301,"date":"2025-05-29T17:38:10","date_gmt":"2025-05-29T14:38:10","guid":{"rendered":"https:\/\/www.egemtv.com\/?p=32301"},"modified":"2025-05-29T17:38:16","modified_gmt":"2025-05-29T14:38:16","slug":"muglada-plastik-kirliligiyle-mucadele-temali-cevre-haftasi-etkinlikleri-duzenlendi","status":"publish","type":"post","link":"https:\/\/www.egemtv.com\/?p=32301","title":{"rendered":"Mu\u011fla\u2019da &#8220;plastik kirlili\u011fiyle m\u00fccadele&#8221; temal\u0131 \u00e7evre haftas\u0131 etkinlikleri d\u00fczenlendi"},"content":{"rendered":"<p>Mu\u011fla\u2019da 2022 y\u0131l\u0131ndan bu yana kutlanan T\u00fcrkiye \u00c7evre Haftas\u0131, bu y\u0131l &#8220;Plastik Kirlili\u011fi ile M\u00fccadele&#8221; temas\u0131 ve &#8220;\u00c7evreye \u0130yi Bak&#8221; mottosuyla T\u00fcrkan Saylan \u00c7a\u011fda\u015f Ya\u015fam Merkezi\u2019nde ger\u00e7ekle\u015ftirilen \u00e7e\u015fitli etkinliklerle kutland\u0131.<\/p>\n<p>Etkinliklere Mu\u011fla Valisi Dr. \u0130dris Akb\u0131y\u0131k, Mu\u011fla \u00c7evre, \u015eehircilik ve \u0130klim De\u011fi\u015fikli\u011fi \u0130l M\u00fcd\u00fcr\u00fc \u00d6mer Bolat, Mu\u011fla B\u00fcy\u00fck\u015fehir Belediye Ba\u015fkan\u0131 Ahmet Aras, kamu kurumlar\u0131n\u0131n temsilcileri, \u00f6\u011frenciler ve \u00e7ok say\u0131da vatanda\u015f kat\u0131ld\u0131.<\/p>\n<p>Programda konu\u015fan Mu\u011fla Valisi Dr. \u0130dris Akb\u0131y\u0131k, \u00e7evreye yap\u0131lan her yat\u0131r\u0131m\u0131n gelece\u011fe at\u0131lan en \u00f6nemli ad\u0131mlardan biri oldu\u011funu vurgulad\u0131. Vali Akb\u0131y\u0131k, &#8220;Ekolojik dengenin bozulmas\u0131 do\u011frudan insan sa\u011fl\u0131\u011f\u0131n\u0131 da tehdit eder hale geldi. Bu y\u0131l\u0131n temas\u0131 olan plastikle m\u00fccadeleyi hayat\u0131m\u0131z\u0131n merkezine almal\u0131y\u0131z,&#8221; ifadelerini kulland\u0131.<\/p>\n<p>S\u0131f\u0131r At\u0131k Hareketi\u2019nin T\u00fcrkiye\u2019nin \u00e7evre alan\u0131nda bir d\u00fcnya markas\u0131 haline geldi\u011fine dikkat \u00e7eken Akb\u0131y\u0131k, &#8220;Bu sadece bir \u00e7evre hareketi de\u011fil; ayn\u0131 zamanda bir kalk\u0131nma hamlesidir&#8221; dedi.<\/p>\n<p>Mu\u011fla B\u00fcy\u00fck\u015fehir Belediye Ba\u015fkan\u0131 Ahmet Aras da konu\u015fmas\u0131nda, at\u0131klar\u0131n kayna\u011f\u0131nda do\u011fru ayr\u0131\u015ft\u0131r\u0131lmas\u0131n\u0131n \u00f6nemine de\u011finerek \u015funlar\u0131 s\u00f6yledi: &#8220;Evden \u00e7\u0131kan organik at\u0131klar, \u00f6rne\u011fin yemek art\u0131klar\u0131, organik at\u0131k konteynerlerine at\u0131lmal\u0131. Di\u011fer yandan cam, plastik ve k\u00e2\u011f\u0131t gibi geri d\u00f6n\u00fc\u015febilir at\u0131klar mavi geri d\u00f6n\u00fc\u015f\u00fcm konteynerlerine b\u0131rak\u0131lmal\u0131. Asl\u0131nda ilk ayr\u0131\u015ft\u0131rma sokakta ba\u015fl\u0131yor. Elinizde bir pet \u015fi\u015fe varsa, bunu do\u011fru kutuya atmal\u0131s\u0131n\u0131z. Bu sayede herkes g\u00f6revini yerine getirmi\u015f olur&#8221;<\/p>\n<p>Ba\u015fkan Aras ayr\u0131ca, \u00e7evreyi temiz tutman\u0131n bireysel sorumluluk oldu\u011funa vurgu yaparak, &#8220;Soka\u011fa \u00e7\u00f6p atmak, hal\u0131n\u0131n alt\u0131na s\u00fcp\u00fcrmek gibidir. Sokaklar da evimiz kadar bize ait. O y\u00fczden sadece \u00e7\u00f6p\u00fc d\u0131\u015far\u0131 atmak yetmez, do\u011fru yere atmak gerekir&#8221; dedi.<\/p>\n<p>Mu\u011fla \u00c7evre, \u015eehircilik ve \u0130klim De\u011fi\u015fikli\u011fi \u0130l M\u00fcd\u00fcr\u00fc \u00d6mer Bolat ise konu\u015fmas\u0131nda plastik at\u0131klar\u0131n \u00e7evre \u00fczerindeki y\u0131k\u0131c\u0131 etkisine dikkat \u00e7ekerek, &#8220;Plastik kirlili\u011fi sadece \u00e7evre sorunu de\u011fil; ayn\u0131 zamanda halk sa\u011fl\u0131\u011f\u0131 ve gelecek ku\u015faklar\u0131n ya\u015fam hakk\u0131 meselesidir&#8221; dedi.<\/p>\n<p>Bolat, her y\u0131l yakla\u015f\u0131k 11 milyon ton plastik at\u0131\u011f\u0131n su ekosistemlerine s\u0131zd\u0131\u011f\u0131n\u0131, mikroplastiklerin topra\u011fa kadar i\u015fledi\u011fini belirterek, plastikle m\u00fccadelenin \u00e7ok boyutlu bir zorunluluk haline geldi\u011fini ifade etti.<\/p>\n<p>Mu\u011fla\u2019da bug\u00fcne kadar kamu kurumlar\u0131 ve \u00f6zel i\u015fletmelere toplam 5 bin 100 adet &#8220;S\u0131f\u0131r At\u0131k Belgesi&#8221; verildi\u011fini kaydeden Bolat, 7 belediyede kapsaml\u0131 s\u0131f\u0131r at\u0131k sisteminin kurularak belgelendirildi\u011fini aktard\u0131. Ayr\u0131ca, son bir y\u0131lda yap\u0131lan 466 \u00e7evre denetimi sonucunda \u00e7evre kirlili\u011fi nedeniyle t\u00fczel ki\u015filere 38 milyon 800 bin TL, ger\u00e7ek ki\u015filere ise 17 milyon 797 bin TL idari yapt\u0131r\u0131m uyguland\u0131\u011f\u0131n\u0131 a\u00e7\u0131klad\u0131.<\/p>\n<p>Etkinlik kapsam\u0131nda \u00f6\u011frenciler taraf\u0131ndan mini konser sunulurken, &#8220;Plastik Kirlili\u011fi&#8221; konulu k\u0131sa bir animasyon filmi izletildi. Program\u0131n devam\u0131nda kat\u0131l\u0131mc\u0131lar, d\u00fczenlenen at\u00f6lye \u00e7al\u0131\u015fmalar\u0131 ve \u00e7evre bilinci temal\u0131 etkinliklerle \u00e7evresel duyarl\u0131l\u0131k konusunda fark\u0131ndal\u0131k kazand\u0131.<br \/><\/p>\n","protected":false},"excerpt":{"rendered":"<p>Mu\u011fla\u2019da 2022 y\u0131l\u0131ndan bu yana kutlanan T\u00fcrkiye \u00c7evre Haftas\u0131, bu y\u0131l &#8220;Plastik Kirlili\u011fi ile M\u00fccadele&#8221; temas\u0131 ve &#8220;\u00c7evreye \u0130yi Bak&#8221; mottosuyla T\u00fcrkan Saylan \u00c7a\u011fda\u015f Ya\u015fam Merkezi\u2019nde ger\u00e7ekle\u015ftirilen \u00e7e\u015fitli etkinliklerle kutland\u0131. Etkinliklere Mu\u011fla Valisi Dr. \u0130dris Akb\u0131y\u0131k, Mu\u011fla \u00c7evre, \u015eehircilik ve \u0130klim De\u011fi\u015fikli\u011fi \u0130l M\u00fcd\u00fcr\u00fc \u00d6mer Bolat, Mu\u011fla B\u00fcy\u00fck\u015fehir Belediye Ba\u015fkan\u0131 Ahmet Aras, kamu kurumlar\u0131n\u0131n temsilcileri,&#8230;<\/p>\n","protected":false},"author":1,"featured_media":32302,"comment_status":"open","ping_status":"open","sticky":false,"template":"","format":"standard","meta":{"_crdt_document":"","footnotes":""},"categories":[1],"tags":[],"class_list":["post-32301","post","type-post","status-publish","format-standard","has-post-thumbnail","hentry","category-guncel"],"_links":{"self":[{"href":"https:\/\/www.egemtv.com\/index.php?rest_route=\/wp\/v2\/posts\/32301","targetHints":{"allow":["GET"]}}],"collection":[{"href":"https:\/\/www.egemtv.com\/index.php?rest_route=\/wp\/v2\/posts"}],"about":[{"href":"https:\/\/www.egemtv.com\/index.php?rest_route=\/wp\/v2\/types\/post"}],"author":[{"embeddable":true,"href":"https:\/\/www.egemtv.com\/index.php?rest_route=\/wp\/v2\/users\/1"}],"replies":[{"embeddable":true,"href":"https:\/\/www.egemtv.com\/index.php?rest_route=%2Fwp%2Fv2%2Fcomments&post=32301"}],"version-history":[{"count":1,"href":"https:\/\/www.egemtv.com\/index.php?rest_route=\/wp\/v2\/posts\/32301\/revisions"}],"predecessor-version":[{"id":32303,"href":"https:\/\/www.egemtv.com\/index.php?rest_route=\/wp\/v2\/posts\/32301\/revisions\/32303"}],"wp:featuredmedia":[{"embeddable":true,"href":"https:\/\/www.egemtv.com\/index.php?rest_route=\/wp\/v2\/media\/32302"}],"wp:attachment":[{"href":"https:\/\/www.egemtv.com\/index.php?rest_route=%2Fwp%2Fv2%2Fmedia&parent=32301"}],"wp:term":[{"taxonomy":"category","embeddable":true,"href":"https:\/\/www.egemtv.com\/index.php?rest_route=%2Fwp%2Fv2%2Fcategories&post=32301"},{"taxonomy":"post_tag","embeddable":true,"href":"https:\/\/www.egemtv.com\/index.php?rest_route=%2Fwp%2Fv2%2Ftags&post=32301"}],"curies":[{"name":"wp","href":"https:\/\/api.w.org\/{rel}","templated":true}]}}