{"id":32298,"date":"2025-05-29T17:38:05","date_gmt":"2025-05-29T14:38:05","guid":{"rendered":"https:\/\/www.egemtv.com\/?p=32298"},"modified":"2025-05-29T17:38:10","modified_gmt":"2025-05-29T14:38:10","slug":"bodrumda-cadde-ve-sokaklar-yenileniyor","status":"publish","type":"post","link":"https:\/\/www.egemtv.com\/?p=32298","title":{"rendered":"Bodrum\u2019da cadde ve sokaklar yenileniyor"},"content":{"rendered":"<p>Bodrum Belediyesi Fen \u0130\u015fleri M\u00fcd\u00fcrl\u00fc\u011f\u00fc, il\u00e7e genelinde altyap\u0131 \u00e7al\u0131\u015fmalar\u0131 tamamlanan, bak\u0131m ve onar\u0131ma ihtiya\u00e7 duyulan cadde ve sokaklarda yenileme \u00e7al\u0131\u015fmalar\u0131n\u0131 s\u00fcrd\u00fcr\u00fcyor.<\/p>\n<p>Fen \u0130\u015fleri M\u00fcd\u00fcrl\u00fc\u011f\u00fc ekipleri taraf\u0131ndan, Yal\u0131kavak Mahallesi Plaj Caddesi ve ba\u011flant\u0131l\u0131 ara sokaklarda granit k\u00fcp ta\u015f d\u00f6\u015feme \u00e7al\u0131\u015fmalar\u0131 y\u00fcr\u00fct\u00fcl\u00fcyor. Plaj Caddesi\u2019nin 240 metrelik k\u0131sm\u0131nda ger\u00e7ekle\u015ftirilen \u00e7al\u0131\u015fmalarda 18 mazgal imalat\u0131 yap\u0131l\u0131rken, 50 metrelik ya\u011fmur suyu hatt\u0131 da yenilendi. Ayn\u0131 mahallede bulunan Karakol Sokak ve \u0130lhan Sokak\u2019ta da parke ta\u015f\u0131 d\u00f6\u015feme \u00e7al\u0131\u015fmalar\u0131 devam ediyor. \u00c7al\u0131\u015fmalar\u0131n, Kurban Bayram\u0131 \u00f6ncesinde tamamlanmas\u0131 hedefleniyor.<\/p>\n<p>Fen \u0130\u015fleri M\u00fcd\u00fcrl\u00fc\u011f\u00fc ekipleri, asfalt serim \u00e7al\u0131\u015fmalar\u0131na da belirlenen program do\u011frultusunda devam ediyor. Ekipler, son bir haftada Torba Mahallesi 3026 Sokak, Akyarlar Mahallesi Halil Sayg\u0131 Sokak ve Turgutreis Mahallesi 4157 Sokak\u2019ta greyderle Dirmil Mahallesi 6807 Sokak\u2019ta ise fini\u015fer ile s\u0131cak asfalt serimi ger\u00e7ekle\u015ftirdi. Ayr\u0131ca, Akyarlar Mahallesi Ak\u00e7ab\u00fck Caddesi\u2019nde betonlama \u00f6ncesi yol temizli\u011fi \u00e7al\u0131\u015fmas\u0131 yap\u0131ld\u0131.<br \/><\/p>\n","protected":false},"excerpt":{"rendered":"<p>Bodrum Belediyesi Fen \u0130\u015fleri M\u00fcd\u00fcrl\u00fc\u011f\u00fc, il\u00e7e genelinde altyap\u0131 \u00e7al\u0131\u015fmalar\u0131 tamamlanan, bak\u0131m ve onar\u0131ma ihtiya\u00e7 duyulan cadde ve sokaklarda yenileme \u00e7al\u0131\u015fmalar\u0131n\u0131 s\u00fcrd\u00fcr\u00fcyor. Fen \u0130\u015fleri M\u00fcd\u00fcrl\u00fc\u011f\u00fc ekipleri taraf\u0131ndan, Yal\u0131kavak Mahallesi Plaj Caddesi ve ba\u011flant\u0131l\u0131 ara sokaklarda granit k\u00fcp ta\u015f d\u00f6\u015feme \u00e7al\u0131\u015fmalar\u0131 y\u00fcr\u00fct\u00fcl\u00fcyor. Plaj Caddesi\u2019nin 240 metrelik k\u0131sm\u0131nda ger\u00e7ekle\u015ftirilen \u00e7al\u0131\u015fmalarda 18 mazgal imalat\u0131 yap\u0131l\u0131rken, 50 metrelik ya\u011fmur suyu&#8230;<\/p>\n","protected":false},"author":1,"featured_media":32299,"comment_status":"open","ping_status":"open","sticky":false,"template":"","format":"standard","meta":{"_crdt_document":"","footnotes":""},"categories":[1],"tags":[],"class_list":["post-32298","post","type-post","status-publish","format-standard","has-post-thumbnail","hentry","category-guncel"],"_links":{"self":[{"href":"https:\/\/www.egemtv.com\/index.php?rest_route=\/wp\/v2\/posts\/32298","targetHints":{"allow":["GET"]}}],"collection":[{"href":"https:\/\/www.egemtv.com\/index.php?rest_route=\/wp\/v2\/posts"}],"about":[{"href":"https:\/\/www.egemtv.com\/index.php?rest_route=\/wp\/v2\/types\/post"}],"author":[{"embeddable":true,"href":"https:\/\/www.egemtv.com\/index.php?rest_route=\/wp\/v2\/users\/1"}],"replies":[{"embeddable":true,"href":"https:\/\/www.egemtv.com\/index.php?rest_route=%2Fwp%2Fv2%2Fcomments&post=32298"}],"version-history":[{"count":1,"href":"https:\/\/www.egemtv.com\/index.php?rest_route=\/wp\/v2\/posts\/32298\/revisions"}],"predecessor-version":[{"id":32300,"href":"https:\/\/www.egemtv.com\/index.php?rest_route=\/wp\/v2\/posts\/32298\/revisions\/32300"}],"wp:featuredmedia":[{"embeddable":true,"href":"https:\/\/www.egemtv.com\/index.php?rest_route=\/wp\/v2\/media\/32299"}],"wp:attachment":[{"href":"https:\/\/www.egemtv.com\/index.php?rest_route=%2Fwp%2Fv2%2Fmedia&parent=32298"}],"wp:term":[{"taxonomy":"category","embeddable":true,"href":"https:\/\/www.egemtv.com\/index.php?rest_route=%2Fwp%2Fv2%2Fcategories&post=32298"},{"taxonomy":"post_tag","embeddable":true,"href":"https:\/\/www.egemtv.com\/index.php?rest_route=%2Fwp%2Fv2%2Ftags&post=32298"}],"curies":[{"name":"wp","href":"https:\/\/api.w.org\/{rel}","templated":true}]}}