{"id":32295,"date":"2025-05-29T17:37:56","date_gmt":"2025-05-29T14:37:56","guid":{"rendered":"https:\/\/www.egemtv.com\/?p=32295"},"modified":"2025-05-29T17:38:05","modified_gmt":"2025-05-29T14:38:05","slug":"imalathanede-cikan-yanginda-25-kilo-kahve-ve-kavurma-makinesi-zarar-gordu","status":"publish","type":"post","link":"https:\/\/www.egemtv.com\/?p=32295","title":{"rendered":"\u0130malathanede \u00e7\u0131kan yang\u0131nda 25 kilo kahve ve kavurma makinesi zarar g\u00f6rd\u00fc"},"content":{"rendered":"<p>Burdur\u2019da bir kahve imalathanesinde \u00e7\u0131kan yang\u0131nda 25 kilogram kavrulmu\u015f kahve ve bir kavurma makinesi yanarak kullan\u0131lamaz hale geldi. \u0130\u015f yeri sahibi dumandan hafif \u015fekilde etkilendi.<br \/>\n<br \/>Yang\u0131n, saat 15.00 s\u0131ralar\u0131nda De\u011firmenler Mahallesi Cevdet Say\u0131l\u0131 Caddesi \u00fczerinde Hasan G.\u2019ye ait kahve imalathanesinde meydana geldi. Edinilen bilgilere g\u00f6re kahve \u00f6\u011f\u00fct\u00fcld\u00fc\u011f\u00fc esnada hen\u00fcz bilinmeyen bir nedenle kahve de\u011firmeni alev ald\u0131. K\u0131sa s\u00fcrede b\u00fcy\u00fcyen yang\u0131n, i\u00e7eride bulunan kuru kahvelere ve kavurma makinesine de s\u0131\u00e7rad\u0131.<br \/>\n<br \/>\u0130hbar \u00fczerine olay yerine itfaiye, sa\u011fl\u0131k ve polis ekipleri sevk edildi. Burdur Belediyesi \u0130tfaiye ekiplerinin m\u00fcdahalesiyle yang\u0131n kontrol alt\u0131na al\u0131narak s\u00f6nd\u00fcr\u00fcld\u00fc. Yang\u0131n s\u0131ras\u0131nda dumandan etkilenen i\u015f yeri sahibine olay yerinde sa\u011fl\u0131k ekipleri taraf\u0131ndan m\u00fcdahale edildi. Hasan G.\u2019nin sa\u011fl\u0131k durumunun iyi oldu\u011fu \u00f6\u011frenilirken imalathanede ufak \u00e7apl\u0131 maddi hasar meydan geldi.<br \/><\/p>\n","protected":false},"excerpt":{"rendered":"<p>Burdur\u2019da bir kahve imalathanesinde \u00e7\u0131kan yang\u0131nda 25 kilogram kavrulmu\u015f kahve ve bir kavurma makinesi yanarak kullan\u0131lamaz hale geldi. \u0130\u015f yeri sahibi dumandan hafif \u015fekilde etkilendi. Yang\u0131n, saat 15.00 s\u0131ralar\u0131nda De\u011firmenler Mahallesi Cevdet Say\u0131l\u0131 Caddesi \u00fczerinde Hasan G.\u2019ye ait kahve imalathanesinde meydana geldi. Edinilen bilgilere g\u00f6re kahve \u00f6\u011f\u00fct\u00fcld\u00fc\u011f\u00fc esnada hen\u00fcz bilinmeyen bir nedenle kahve de\u011firmeni alev&#8230;<\/p>\n","protected":false},"author":1,"featured_media":32296,"comment_status":"open","ping_status":"open","sticky":false,"template":"","format":"standard","meta":{"_crdt_document":"","footnotes":""},"categories":[5],"tags":[],"class_list":["post-32295","post","type-post","status-publish","format-standard","has-post-thumbnail","hentry","category-asayis"],"_links":{"self":[{"href":"https:\/\/www.egemtv.com\/index.php?rest_route=\/wp\/v2\/posts\/32295","targetHints":{"allow":["GET"]}}],"collection":[{"href":"https:\/\/www.egemtv.com\/index.php?rest_route=\/wp\/v2\/posts"}],"about":[{"href":"https:\/\/www.egemtv.com\/index.php?rest_route=\/wp\/v2\/types\/post"}],"author":[{"embeddable":true,"href":"https:\/\/www.egemtv.com\/index.php?rest_route=\/wp\/v2\/users\/1"}],"replies":[{"embeddable":true,"href":"https:\/\/www.egemtv.com\/index.php?rest_route=%2Fwp%2Fv2%2Fcomments&post=32295"}],"version-history":[{"count":1,"href":"https:\/\/www.egemtv.com\/index.php?rest_route=\/wp\/v2\/posts\/32295\/revisions"}],"predecessor-version":[{"id":32297,"href":"https:\/\/www.egemtv.com\/index.php?rest_route=\/wp\/v2\/posts\/32295\/revisions\/32297"}],"wp:featuredmedia":[{"embeddable":true,"href":"https:\/\/www.egemtv.com\/index.php?rest_route=\/wp\/v2\/media\/32296"}],"wp:attachment":[{"href":"https:\/\/www.egemtv.com\/index.php?rest_route=%2Fwp%2Fv2%2Fmedia&parent=32295"}],"wp:term":[{"taxonomy":"category","embeddable":true,"href":"https:\/\/www.egemtv.com\/index.php?rest_route=%2Fwp%2Fv2%2Fcategories&post=32295"},{"taxonomy":"post_tag","embeddable":true,"href":"https:\/\/www.egemtv.com\/index.php?rest_route=%2Fwp%2Fv2%2Ftags&post=32295"}],"curies":[{"name":"wp","href":"https:\/\/api.w.org\/{rel}","templated":true}]}}