{"id":32292,"date":"2025-05-29T17:18:06","date_gmt":"2025-05-29T14:18:06","guid":{"rendered":"https:\/\/www.egemtv.com\/?p=32292"},"modified":"2025-05-29T17:18:11","modified_gmt":"2025-05-29T14:18:11","slug":"donus-yolundaki-kazada-hayatlarini-kaybeden-kuzenler-son-yolculuklarina-ugurlandi","status":"publish","type":"post","link":"https:\/\/www.egemtv.com\/?p=32292","title":{"rendered":"D\u00f6n\u00fc\u015f yolundaki kazada hayatlar\u0131n\u0131 kaybeden kuzenler son yolculuklar\u0131na u\u011furland\u0131"},"content":{"rendered":"<p>Burdur\u2019dan memleketleri Denizli\u2019ye d\u00f6nerken ara\u00e7lar\u0131n\u0131n kar\u015f\u0131 \u015feride ge\u00e7ip t\u0131rla \u00e7arp\u0131\u015fmas\u0131 sonucu meydana gelen trafik kazas\u0131nda hayatlar\u0131n\u0131 kaybeden kuzenler, \u00c7ameli il\u00e7esinde son yolculuklar\u0131na u\u011furland\u0131.<\/p>\n<p>Ac\u0131payam il\u00e7esine ba\u011fl\u0131 Karahay\u00f6kav\u015far\u0131 Mahallesi yak\u0131nlar\u0131nda meydana gelen kazada; Burdur\u2019un Ye\u015filova il\u00e7esinden memleketi Denizli\u2019nin \u00c7ameli il\u00e7esine gitmek \u00fczere yola \u00e7\u0131kan Pakize Ceylan (30) idaresindeki 20 SS 806 plakal\u0131 otomobil, kar\u015f\u0131 \u015feride ge\u00e7erek Denizli\u2019den Burdur\u2019a seyir halinde olan Mesut K. idaresindeki 15 HY 150 plakal\u0131 t\u0131r ile \u00e7arp\u0131\u015ft\u0131. Kazada ara\u00e7 s\u00fcr\u00fcc\u00fcs\u00fc Pakize Ceylan ile yolcu koltu\u011funda oturan kuzeni Sinan S\u0131ryol (35) hayatlar\u0131n\u0131 kaybetti.<\/p>\n<p>Kazada hayat\u0131n\u0131 kaybeden Pakize Ceylan ve Sinan S\u0131ryol\u2019un cenazeleri otopsi yap\u0131lmak \u00fczere Ac\u0131payam Devlet Hastanesi morguna kald\u0131r\u0131ld\u0131. Ayn\u0131 kazada \u00f6len iki kuzenin cenazeleri, otopsi i\u015flemlerinin ard\u0131ndan ailelerine teslim edildi. \u00c7ameli n\u00fcfusuna kay\u0131tl\u0131 olan kazazedelerden Pakize Ceylan\u2019\u0131n cenazesi B\u0131\u00e7ak\u00e7\u0131 Mahallesi, Sinan S\u0131ryol\u2019un cenazesi ise Sofular Mahallesi\u2019nde k\u0131l\u0131nan cenaze namazlar\u0131n\u0131n ard\u0131ndan g\u00f6zya\u015flar\u0131 aras\u0131nda son yolculuklar\u0131na u\u011furland\u0131.<br \/><\/p>\n","protected":false},"excerpt":{"rendered":"<p>Burdur\u2019dan memleketleri Denizli\u2019ye d\u00f6nerken ara\u00e7lar\u0131n\u0131n kar\u015f\u0131 \u015feride ge\u00e7ip t\u0131rla \u00e7arp\u0131\u015fmas\u0131 sonucu meydana gelen trafik kazas\u0131nda hayatlar\u0131n\u0131 kaybeden kuzenler, \u00c7ameli il\u00e7esinde son yolculuklar\u0131na u\u011furland\u0131. Ac\u0131payam il\u00e7esine ba\u011fl\u0131 Karahay\u00f6kav\u015far\u0131 Mahallesi yak\u0131nlar\u0131nda meydana gelen kazada; Burdur\u2019un Ye\u015filova il\u00e7esinden memleketi Denizli\u2019nin \u00c7ameli il\u00e7esine gitmek \u00fczere yola \u00e7\u0131kan Pakize Ceylan (30) idaresindeki 20 SS 806 plakal\u0131 otomobil, kar\u015f\u0131 \u015feride ge\u00e7erek&#8230;<\/p>\n","protected":false},"author":1,"featured_media":32293,"comment_status":"open","ping_status":"open","sticky":false,"template":"","format":"standard","meta":{"_crdt_document":"","footnotes":""},"categories":[5],"tags":[],"class_list":["post-32292","post","type-post","status-publish","format-standard","has-post-thumbnail","hentry","category-asayis"],"_links":{"self":[{"href":"https:\/\/www.egemtv.com\/index.php?rest_route=\/wp\/v2\/posts\/32292","targetHints":{"allow":["GET"]}}],"collection":[{"href":"https:\/\/www.egemtv.com\/index.php?rest_route=\/wp\/v2\/posts"}],"about":[{"href":"https:\/\/www.egemtv.com\/index.php?rest_route=\/wp\/v2\/types\/post"}],"author":[{"embeddable":true,"href":"https:\/\/www.egemtv.com\/index.php?rest_route=\/wp\/v2\/users\/1"}],"replies":[{"embeddable":true,"href":"https:\/\/www.egemtv.com\/index.php?rest_route=%2Fwp%2Fv2%2Fcomments&post=32292"}],"version-history":[{"count":1,"href":"https:\/\/www.egemtv.com\/index.php?rest_route=\/wp\/v2\/posts\/32292\/revisions"}],"predecessor-version":[{"id":32294,"href":"https:\/\/www.egemtv.com\/index.php?rest_route=\/wp\/v2\/posts\/32292\/revisions\/32294"}],"wp:featuredmedia":[{"embeddable":true,"href":"https:\/\/www.egemtv.com\/index.php?rest_route=\/wp\/v2\/media\/32293"}],"wp:attachment":[{"href":"https:\/\/www.egemtv.com\/index.php?rest_route=%2Fwp%2Fv2%2Fmedia&parent=32292"}],"wp:term":[{"taxonomy":"category","embeddable":true,"href":"https:\/\/www.egemtv.com\/index.php?rest_route=%2Fwp%2Fv2%2Fcategories&post=32292"},{"taxonomy":"post_tag","embeddable":true,"href":"https:\/\/www.egemtv.com\/index.php?rest_route=%2Fwp%2Fv2%2Ftags&post=32292"}],"curies":[{"name":"wp","href":"https:\/\/api.w.org\/{rel}","templated":true}]}}