{"id":32289,"date":"2025-05-29T16:58:17","date_gmt":"2025-05-29T13:58:17","guid":{"rendered":"https:\/\/www.egemtv.com\/?p=32289"},"modified":"2025-05-29T16:58:21","modified_gmt":"2025-05-29T13:58:21","slug":"maski-icme-suyu-depolarinda-hijyen-ve-guvenligi-on-planda-tutuyor","status":"publish","type":"post","link":"https:\/\/www.egemtv.com\/?p=32289","title":{"rendered":"MASK\u0130, i\u00e7me suyu depolar\u0131nda hijyen ve g\u00fcvenli\u011fi \u00f6n planda tutuyor"},"content":{"rendered":"<p>Manisa Su ve Kanalizasyon \u0130daresi (MASK\u0130) Genel M\u00fcd\u00fcrl\u00fc\u011f\u00fc, vatanda\u015flara sa\u011fl\u0131kl\u0131 ve kesintisiz i\u00e7me suyu ula\u015ft\u0131rmak amac\u0131yla il genelinde altyap\u0131 yat\u0131r\u0131mlar\u0131n\u0131 aral\u0131ks\u0131z s\u00fcrd\u00fcr\u00fcyor. Bu kapsamda, MASK\u0130 Genel M\u00fcd\u00fcr Yard\u0131mc\u0131s\u0131 Bircan Kaynak, i\u00e7me suyu kalitesinin korunmas\u0131nda b\u00fcy\u00fck \u00f6nem ta\u015f\u0131yan i\u00e7me suyu depolar\u0131nda incelemelerde bulundu.<br \/>\n<br \/>Manisa B\u00fcy\u00fck\u015fehir Belediyesi MASK\u0130 Genel M\u00fcd\u00fcrl\u00fc\u011f\u00fc, 17 il\u00e7ede hizmet veren i\u00e7me suyu depolar\u0131n\u0131n bak\u0131m ve onar\u0131m \u00e7al\u0131\u015fmalar\u0131n\u0131 s\u00fcrd\u00fcr\u00fcyor. Bu kapsamda MASK\u0130 Genel M\u00fcd\u00fcr Yard\u0131mc\u0131s\u0131 Bircan Kaynak, il merkezine i\u00e7me suyu ula\u015ft\u0131ran depolarda incelemede bulundu. Kaynak\u2019a, \u0130\u00e7me Suyu Dairesi Ba\u015fkan\u0131 Necip Kurtar\u0131c\u0131 ve yetkili personel de e\u015flik etti.<\/p>\n<p>&#8220;Depolar, temiz ve g\u00fcvenli suyun teminat\u0131d\u0131r&#8221;<br \/>\n<br \/>\u0130ncelemelerin ard\u0131ndan a\u00e7\u0131klamalarda bulunan MASK\u0130 Genel M\u00fcd\u00fcr Yard\u0131mc\u0131s\u0131 Bircan Kaynak, i\u00e7me suyu depolar\u0131n\u0131n sa\u011fl\u0131kl\u0131 su temininde kilit rol \u00fcstlendi\u011fini belirtti. Kaynak, &#8220;\u0130\u00e7me suyu depolar\u0131 i\u00e7me suyu temin zincirinin en \u00f6nemli halkalar\u0131ndan biri. Bu yap\u0131lar sayesinde suyun s\u00fcrekli, sa\u011fl\u0131kl\u0131 ve hijyenik bir \u015fekilde vatanda\u015flara ula\u015fmas\u0131 sa\u011flan\u0131yor. MASK\u0130 olarak, bu bilin\u00e7le hareket ediyor, bak\u0131m-onar\u0131m ihtiya\u00e7lar\u0131n\u0131 en k\u0131sa s\u00fcrede gidererek hem suyun kalitesini hem de hizmet s\u00fcreklili\u011fini g\u00fcvence alt\u0131na al\u0131yoruz.&#8221; dedi.<br \/>\n<br \/>Kaynak, MASK\u0130 Genel M\u00fcd\u00fcrl\u00fc\u011f\u00fc\u2019n\u00fcn 17 il\u00e7ede de depolar\u0131n bak\u0131m ve onar\u0131m\u0131 i\u00e7in planlama ve faaliyetlerinin devam etti\u011fini ifade ederek, &#8220;T\u00fcm teknik \u00f6nlemler ve altyap\u0131 yat\u0131r\u0131mlar\u0131na kar\u015f\u0131, suyun bilin\u00e7li kullan\u0131m\u0131 konusunda vatanda\u015flar\u0131n deste\u011fi b\u00fcy\u00fck \u00f6nem ta\u015f\u0131yor. Su kaynaklar\u0131n\u0131n korunmas\u0131, sadece kurumlar\u0131n de\u011fil, toplumun ortak sorumlulu\u011fudur.&#8221; diye konu\u015ftu.<br \/><\/p>\n","protected":false},"excerpt":{"rendered":"<p>Manisa Su ve Kanalizasyon \u0130daresi (MASK\u0130) Genel M\u00fcd\u00fcrl\u00fc\u011f\u00fc, vatanda\u015flara sa\u011fl\u0131kl\u0131 ve kesintisiz i\u00e7me suyu ula\u015ft\u0131rmak amac\u0131yla il genelinde altyap\u0131 yat\u0131r\u0131mlar\u0131n\u0131 aral\u0131ks\u0131z s\u00fcrd\u00fcr\u00fcyor. Bu kapsamda, MASK\u0130 Genel M\u00fcd\u00fcr Yard\u0131mc\u0131s\u0131 Bircan Kaynak, i\u00e7me suyu kalitesinin korunmas\u0131nda b\u00fcy\u00fck \u00f6nem ta\u015f\u0131yan i\u00e7me suyu depolar\u0131nda incelemelerde bulundu. Manisa B\u00fcy\u00fck\u015fehir Belediyesi MASK\u0130 Genel M\u00fcd\u00fcrl\u00fc\u011f\u00fc, 17 il\u00e7ede hizmet veren i\u00e7me suyu depolar\u0131n\u0131n&#8230;<\/p>\n","protected":false},"author":1,"featured_media":32290,"comment_status":"open","ping_status":"open","sticky":false,"template":"","format":"standard","meta":{"_crdt_document":"","footnotes":""},"categories":[1],"tags":[],"class_list":["post-32289","post","type-post","status-publish","format-standard","has-post-thumbnail","hentry","category-guncel"],"_links":{"self":[{"href":"https:\/\/www.egemtv.com\/index.php?rest_route=\/wp\/v2\/posts\/32289","targetHints":{"allow":["GET"]}}],"collection":[{"href":"https:\/\/www.egemtv.com\/index.php?rest_route=\/wp\/v2\/posts"}],"about":[{"href":"https:\/\/www.egemtv.com\/index.php?rest_route=\/wp\/v2\/types\/post"}],"author":[{"embeddable":true,"href":"https:\/\/www.egemtv.com\/index.php?rest_route=\/wp\/v2\/users\/1"}],"replies":[{"embeddable":true,"href":"https:\/\/www.egemtv.com\/index.php?rest_route=%2Fwp%2Fv2%2Fcomments&post=32289"}],"version-history":[{"count":1,"href":"https:\/\/www.egemtv.com\/index.php?rest_route=\/wp\/v2\/posts\/32289\/revisions"}],"predecessor-version":[{"id":32291,"href":"https:\/\/www.egemtv.com\/index.php?rest_route=\/wp\/v2\/posts\/32289\/revisions\/32291"}],"wp:featuredmedia":[{"embeddable":true,"href":"https:\/\/www.egemtv.com\/index.php?rest_route=\/wp\/v2\/media\/32290"}],"wp:attachment":[{"href":"https:\/\/www.egemtv.com\/index.php?rest_route=%2Fwp%2Fv2%2Fmedia&parent=32289"}],"wp:term":[{"taxonomy":"category","embeddable":true,"href":"https:\/\/www.egemtv.com\/index.php?rest_route=%2Fwp%2Fv2%2Fcategories&post=32289"},{"taxonomy":"post_tag","embeddable":true,"href":"https:\/\/www.egemtv.com\/index.php?rest_route=%2Fwp%2Fv2%2Ftags&post=32289"}],"curies":[{"name":"wp","href":"https:\/\/api.w.org\/{rel}","templated":true}]}}