{"id":32286,"date":"2025-05-29T16:58:12","date_gmt":"2025-05-29T13:58:12","guid":{"rendered":"https:\/\/www.egemtv.com\/?p=32286"},"modified":"2025-05-29T16:58:17","modified_gmt":"2025-05-29T13:58:17","slug":"ciftlik-kadin-yasam-merkezinde-geleneksel-sanatlar-yasatiliyor","status":"publish","type":"post","link":"https:\/\/www.egemtv.com\/?p=32286","title":{"rendered":"\u00c7iftlik Kad\u0131n Ya\u015fam Merkezi\u2019nde geleneksel sanatlar ya\u015fat\u0131l\u0131yor"},"content":{"rendered":"<p>Bodrum Belediyesi\u2019nin destekleriyle \u00c7iftlik Mahallesi\u2019nde kurulan Kad\u0131n Ya\u015fam Merkezi, b\u00f6lgedeki kad\u0131nlar\u0131n yeni beceriler kazan\u0131p sosyalle\u015febilece\u011fi \u00f6nemli bir merkez haline geldi.<\/p>\n<p>Bodrum Belediye Ba\u015fkan\u0131 Tamer Mandalinci\u2019nin \u00f6nc\u00fcl\u00fc\u011f\u00fcnde hayata ge\u00e7irilen ve Bodrum Belediyesi Kad\u0131n ve Aile Hizmetleri M\u00fcd\u00fcrl\u00fc\u011f\u00fc\u2019n\u00fcn sorumlulu\u011funda olan merkezde kad\u0131nlar, geleneksel el sanatlar\u0131na y\u00f6nelik ger\u00e7ekle\u015ftirilen at\u00f6lyelerde Anadolu k\u00fclt\u00fcr\u00fcn\u00fcn \u00f6nemli bir par\u00e7as\u0131 olan tel k\u0131rma, zarif el nak\u0131\u015f\u0131 ve geleneksel temel devran i\u015fleme tekniklerini \u00f6\u011freniyor.<\/p>\n<p>\u00c7iftlik Kad\u0131n Ya\u015fam Merkezi\u2019nde d\u00fczenlenen geleneksel el sanatlar\u0131 at\u00f6lyesi, Pakize \u00d6zd\u00fclger taraf\u0131ndan veriliyor. At\u00f6lyelerde hem geleneksel el sanatlar\u0131 ya\u015fat\u0131l\u0131yor hem de kad\u0131nlar\u0131n el becerilerini geli\u015ftirerek bu alanda ekonomik kazan\u00e7 elde etmelerinin \u00f6n\u00fc a\u00e7\u0131l\u0131yor.<\/p>\n<p>\u00d6ncelikli hedeflerinin kad\u0131nlar\u0131n sosyal ve ekonomik hayatta daha g\u00fc\u00e7l\u00fc bir \u015fekilde yer almas\u0131 oldu\u011funu ifade eden Bodrum Belediye Ba\u015fkan\u0131 Tamer Mandalinci, at\u00f6lyeler ile ilgili yapt\u0131\u011f\u0131 a\u00e7\u0131klamada \u015funlar\u0131 s\u00f6yledi:<br \/>\n<br \/>&#8220;\u00c7iftlik Kad\u0131n Ya\u015fam Merkezi, kad\u0131nlar\u0131n hem yeni beceriler \u00f6\u011frenip kendilerini geli\u015ftirebilecekleri hem de bir araya gelerek dayan\u0131\u015fma i\u00e7inde olabilecekleri de\u011ferli bir yer. Burada \u00fcretilen el eme\u011fi g\u00f6z nuru \u00fcr\u00fcnlerin zamanla ekonomik de\u011fere d\u00f6n\u00fc\u015fece\u011fine inan\u0131yorum. Kad\u0131nlar\u0131n sosyal, ekonomik ve k\u00fclt\u00fcrel hayatta daha aktif ve g\u00fc\u00e7l\u00fc bir \u015fekilde yer almas\u0131, toplumumuzun her alanda ilerlemesi i\u00e7in hayati \u00f6nem ta\u015f\u0131yor. Bu bilin\u00e7le, kad\u0131nlar\u0131n hayatlar\u0131na dokunan, onlar\u0131 destekleyen ve g\u00fc\u00e7lendiren Kad\u0131n Ya\u015fam Merkezlerimizin say\u0131s\u0131n\u0131 art\u0131rma yolunda yeni ad\u0131mlar\u0131m\u0131z\u0131 atmaya devam edece\u011fiz. Kad\u0131nlar ayr\u0131ca, psikolojik dan\u0131\u015fmanl\u0131k ve sa\u011fl\u0131kl\u0131 beslenme dan\u0131\u015fmanl\u0131\u011f\u0131 gibi hizmetlerimiz ile desteklenerek \u00e7ocuklar\u0131yla birlikte g\u00fcvenli ve s\u0131cak bir ortamda sosyalle\u015febilecekler. Kad\u0131n Ya\u015fam Merkezleri, sadece mesleki beceri kurslar\u0131yla s\u0131n\u0131rl\u0131 kalmayacak. \u0130lerleyen d\u00f6nemlerde farkl\u0131 konularda d\u00fczenlenecek e\u011fitimler, at\u00f6lye \u00e7al\u0131\u015fmalar\u0131 ve s\u00f6yle\u015filerle kad\u0131nlar\u0131n ki\u015fisel geli\u015fimlerine katk\u0131 sa\u011flamay\u0131 hedefliyoruz&#8221;<br \/><\/p>\n","protected":false},"excerpt":{"rendered":"<p>Bodrum Belediyesi\u2019nin destekleriyle \u00c7iftlik Mahallesi\u2019nde kurulan Kad\u0131n Ya\u015fam Merkezi, b\u00f6lgedeki kad\u0131nlar\u0131n yeni beceriler kazan\u0131p sosyalle\u015febilece\u011fi \u00f6nemli bir merkez haline geldi. Bodrum Belediye Ba\u015fkan\u0131 Tamer Mandalinci\u2019nin \u00f6nc\u00fcl\u00fc\u011f\u00fcnde hayata ge\u00e7irilen ve Bodrum Belediyesi Kad\u0131n ve Aile Hizmetleri M\u00fcd\u00fcrl\u00fc\u011f\u00fc\u2019n\u00fcn sorumlulu\u011funda olan merkezde kad\u0131nlar, geleneksel el sanatlar\u0131na y\u00f6nelik ger\u00e7ekle\u015ftirilen at\u00f6lyelerde Anadolu k\u00fclt\u00fcr\u00fcn\u00fcn \u00f6nemli bir par\u00e7as\u0131 olan tel k\u0131rma, zarif&#8230;<\/p>\n","protected":false},"author":1,"featured_media":32287,"comment_status":"open","ping_status":"open","sticky":false,"template":"","format":"standard","meta":{"_crdt_document":"","footnotes":""},"categories":[1],"tags":[],"class_list":["post-32286","post","type-post","status-publish","format-standard","has-post-thumbnail","hentry","category-guncel"],"_links":{"self":[{"href":"https:\/\/www.egemtv.com\/index.php?rest_route=\/wp\/v2\/posts\/32286","targetHints":{"allow":["GET"]}}],"collection":[{"href":"https:\/\/www.egemtv.com\/index.php?rest_route=\/wp\/v2\/posts"}],"about":[{"href":"https:\/\/www.egemtv.com\/index.php?rest_route=\/wp\/v2\/types\/post"}],"author":[{"embeddable":true,"href":"https:\/\/www.egemtv.com\/index.php?rest_route=\/wp\/v2\/users\/1"}],"replies":[{"embeddable":true,"href":"https:\/\/www.egemtv.com\/index.php?rest_route=%2Fwp%2Fv2%2Fcomments&post=32286"}],"version-history":[{"count":1,"href":"https:\/\/www.egemtv.com\/index.php?rest_route=\/wp\/v2\/posts\/32286\/revisions"}],"predecessor-version":[{"id":32288,"href":"https:\/\/www.egemtv.com\/index.php?rest_route=\/wp\/v2\/posts\/32286\/revisions\/32288"}],"wp:featuredmedia":[{"embeddable":true,"href":"https:\/\/www.egemtv.com\/index.php?rest_route=\/wp\/v2\/media\/32287"}],"wp:attachment":[{"href":"https:\/\/www.egemtv.com\/index.php?rest_route=%2Fwp%2Fv2%2Fmedia&parent=32286"}],"wp:term":[{"taxonomy":"category","embeddable":true,"href":"https:\/\/www.egemtv.com\/index.php?rest_route=%2Fwp%2Fv2%2Fcategories&post=32286"},{"taxonomy":"post_tag","embeddable":true,"href":"https:\/\/www.egemtv.com\/index.php?rest_route=%2Fwp%2Fv2%2Ftags&post=32286"}],"curies":[{"name":"wp","href":"https:\/\/api.w.org\/{rel}","templated":true}]}}