{"id":32283,"date":"2025-05-29T16:58:08","date_gmt":"2025-05-29T13:58:08","guid":{"rendered":"https:\/\/www.egemtv.com\/?p=32283"},"modified":"2025-05-29T16:58:12","modified_gmt":"2025-05-29T13:58:12","slug":"turgutlu-cocuk-kultur-sanat-merkezlerinde-yaz-donemi-basliyor","status":"publish","type":"post","link":"https:\/\/www.egemtv.com\/?p=32283","title":{"rendered":"Turgutlu \u00e7ocuk k\u00fclt\u00fcr sanat merkezlerinde yaz d\u00f6nemi ba\u015fl\u0131yor"},"content":{"rendered":"<p>Turgutlu Belediyesi \u00c7ocuk K\u00fclt\u00fcr Sanat Merkezlerinde yaz d\u00f6nemi ders zili 30 Haziran Pazartesi g\u00fcn\u00fc \u00e7alacak. Kay\u0131tlar ise 2 Haziran Pazartesi g\u00fcn\u00fc ba\u015flayacak.<br \/>\n<br \/>Turgutlu Belediyesinin Mustafa Kemal ve Albayrak Mahallelerinde hizmet verdi\u011fi, okul \u00f6ncesi e\u011fitim ve \u00fc\u00e7 \u00f6\u011f\u00fcn beslenme program\u0131n\u0131n \u00fccretsiz olmas\u0131yla T\u00fcrkiye\u2019de bir ilke imza att\u0131\u011f\u0131 \u00c7ocuk K\u00fclt\u00fcr Sanat Merkezlerinde yaz d\u00f6nemi ba\u015fl\u0131yor. E\u011fitimde f\u0131rsat e\u015fitli\u011fini sa\u011flamak ve ayn\u0131 zamanda \u00e7ocuklar\u0131n fiziksel, sosyal ve bili\u015fsel y\u00f6nden geli\u015fimlerine destek olmak amac\u0131yla pek \u00e7ok imkan\u0131n sunuldu\u011fu \u00c7ocuk K\u00fclt\u00fcr Sanat Merkezlerinde yaz d\u00f6nemi ilk dersi 30 Haziran Pazartesi g\u00fcn\u00fc ba\u015flayacak. Resim, el sanatlar\u0131, m\u00fczik, drama, spor ve jimnastik e\u011fitimlerinin de verilece\u011fi merkezlerde 3-5 ya\u015f aras\u0131ndaki \u00e7ocuklar dolu dolu bir yaz d\u00f6nemi ge\u00e7irme f\u0131rsat\u0131na sahip olacaklar.<\/p>\n<p>Kay\u0131tlar 2 Haziran Pazartesi ba\u015fl\u0131yor<br \/>\n<br \/>Yar\u0131 zamanl\u0131 e\u011fitimin olaca\u011f\u0131 \u00c7ocuk K\u00fclt\u00fcr Sanat Merkezlerinde kay\u0131tlar 2 Haziran Pazartesi g\u00fcn\u00fc itibariyle al\u0131nacak. Turgutlu Belediyesi Hizmet Binas\u0131 7.kat\u0131nda yer alan K\u00fclt\u00fcr ve Sosyal \u0130\u015fler M\u00fcd\u00fcrl\u00fc\u011f\u00fcnde 09.00-12.30\/13.30-17.00 saatleri aras\u0131nda yap\u0131lacak kay\u0131tlar hakk\u0131nda 0 (236) 313 21 22 numaral\u0131 telefondan detayl\u0131 bilgi al\u0131nabilir.<br \/>\n<br \/>Turgutlu Belediye Ba\u015fkan Yard\u0131mc\u0131s\u0131 H\u00fcseyin Maliz, &#8220;Ba\u015fkan\u0131m\u0131z \u00c7etin Ak\u0131n\u2019\u0131n \u00f6nc\u00fcl\u00fc\u011f\u00fcnde, sundu\u011fumuz imkanlarla T\u00fcrkiye\u2019ye \u00f6rnek olarak Albayrak ve Mustafa Kemal Mahallelerimizde hizmet verdi\u011fimiz \u00c7ocuk K\u00fclt\u00fcr Sanat Merkezlerimizde yaz d\u00f6nemi dersleri ba\u015fl\u0131yor. Her bir \u00e7ocu\u011fumuzun e\u015fit imkanlara sahip olmas\u0131, temel e\u011fitimlerini en iyi \u015fekilde alabilmeleri ad\u0131na elimizden gelen t\u00fcm \u00e7abay\u0131 g\u00f6stermeye devam edece\u011fiz. Yaz d\u00f6neminin minik \u00f6\u011frencilerimiz, velilerimiz ve \u00f6\u011fretmenlerimiz i\u00e7in hay\u0131rl\u0131 olmas\u0131n\u0131 dileriz&#8221; ifadelerini kulland\u0131.<br \/><\/p>\n","protected":false},"excerpt":{"rendered":"<p>Turgutlu Belediyesi \u00c7ocuk K\u00fclt\u00fcr Sanat Merkezlerinde yaz d\u00f6nemi ders zili 30 Haziran Pazartesi g\u00fcn\u00fc \u00e7alacak. Kay\u0131tlar ise 2 Haziran Pazartesi g\u00fcn\u00fc ba\u015flayacak. Turgutlu Belediyesinin Mustafa Kemal ve Albayrak Mahallelerinde hizmet verdi\u011fi, okul \u00f6ncesi e\u011fitim ve \u00fc\u00e7 \u00f6\u011f\u00fcn beslenme program\u0131n\u0131n \u00fccretsiz olmas\u0131yla T\u00fcrkiye\u2019de bir ilke imza att\u0131\u011f\u0131 \u00c7ocuk K\u00fclt\u00fcr Sanat Merkezlerinde yaz d\u00f6nemi ba\u015fl\u0131yor. E\u011fitimde f\u0131rsat&#8230;<\/p>\n","protected":false},"author":1,"featured_media":32284,"comment_status":"open","ping_status":"open","sticky":false,"template":"","format":"standard","meta":{"_crdt_document":"","footnotes":""},"categories":[1],"tags":[],"class_list":["post-32283","post","type-post","status-publish","format-standard","has-post-thumbnail","hentry","category-guncel"],"_links":{"self":[{"href":"https:\/\/www.egemtv.com\/index.php?rest_route=\/wp\/v2\/posts\/32283","targetHints":{"allow":["GET"]}}],"collection":[{"href":"https:\/\/www.egemtv.com\/index.php?rest_route=\/wp\/v2\/posts"}],"about":[{"href":"https:\/\/www.egemtv.com\/index.php?rest_route=\/wp\/v2\/types\/post"}],"author":[{"embeddable":true,"href":"https:\/\/www.egemtv.com\/index.php?rest_route=\/wp\/v2\/users\/1"}],"replies":[{"embeddable":true,"href":"https:\/\/www.egemtv.com\/index.php?rest_route=%2Fwp%2Fv2%2Fcomments&post=32283"}],"version-history":[{"count":1,"href":"https:\/\/www.egemtv.com\/index.php?rest_route=\/wp\/v2\/posts\/32283\/revisions"}],"predecessor-version":[{"id":32285,"href":"https:\/\/www.egemtv.com\/index.php?rest_route=\/wp\/v2\/posts\/32283\/revisions\/32285"}],"wp:featuredmedia":[{"embeddable":true,"href":"https:\/\/www.egemtv.com\/index.php?rest_route=\/wp\/v2\/media\/32284"}],"wp:attachment":[{"href":"https:\/\/www.egemtv.com\/index.php?rest_route=%2Fwp%2Fv2%2Fmedia&parent=32283"}],"wp:term":[{"taxonomy":"category","embeddable":true,"href":"https:\/\/www.egemtv.com\/index.php?rest_route=%2Fwp%2Fv2%2Fcategories&post=32283"},{"taxonomy":"post_tag","embeddable":true,"href":"https:\/\/www.egemtv.com\/index.php?rest_route=%2Fwp%2Fv2%2Ftags&post=32283"}],"curies":[{"name":"wp","href":"https:\/\/api.w.org\/{rel}","templated":true}]}}