{"id":32277,"date":"2025-05-29T16:57:58","date_gmt":"2025-05-29T13:57:58","guid":{"rendered":"https:\/\/www.egemtv.com\/?p=32277"},"modified":"2025-05-29T16:58:03","modified_gmt":"2025-05-29T13:58:03","slug":"izmirde-karisi-tarafindan-tabancayla-vurulan-adam-oldu","status":"publish","type":"post","link":"https:\/\/www.egemtv.com\/?p=32277","title":{"rendered":"\u0130zmir\u2019de kar\u0131s\u0131 taraf\u0131ndan tabancayla vurulan adam \u00f6ld\u00fc"},"content":{"rendered":"<p>\u0130zmir\u2019in Konak il\u00e7esinde tabancayla vurulan 44 ya\u015f\u0131ndaki adam hayat\u0131n\u0131 kaybetti. Hayat\u0131n\u0131 kaybeden adam\u0131n kar\u0131s\u0131n\u0131n ise cinayeti itiraf etti\u011fi ve \u015fiddet g\u00f6rd\u00fc\u011f\u00fc i\u00e7in olay\u0131 ger\u00e7ekle\u015ftirdi\u011fini s\u00f6yledi\u011fi \u00f6\u011frenildi.<\/p>\n<p>Olay d\u00fcn ak\u015fam saatlerinde il\u00e7eye ba\u011fl\u0131 T\u0131naztepe Mahallesi 568 Sokakta meydana geldi. Sokaktaki bir evden gelen silah seslerini duyan kom\u015fular durumu 112 Acil \u00c7a\u011fr\u0131 Merkezine bildirdi. \u0130hbar \u00fczerine olay yerine gelen polis ekipleri, evde \u00d6mer Kak\u0131z (44) adl\u0131 bir ki\u015finin cans\u0131z bedenini buldu. Ba\u015f\u0131n\u0131n arkas\u0131ndan ve g\u00f6\u011fs\u00fcnden tabancayla vuruldu\u011fu belirlenen Kak\u0131z\u2019\u0131n cenazesi, savc\u0131n\u0131n incelemesinin ard\u0131ndan \u0130zmir Adli T\u0131p Kurumu\u2019nun morguna kald\u0131r\u0131ld\u0131.<\/p>\n<p>Kar\u0131s\u0131 itiraf etti<br \/>\n<br \/>Olayla ilgili \u00e7al\u0131ma ba\u015flatan Asayi\u015f \u015eube M\u00fcd\u00fcrl\u00fc\u011f\u00fcne ba\u011fl\u0131 Cinayet B\u00fcro Amirli\u011fi ekipleri, \u00d6mer Kak\u0131z\u2019\u0131n e\u015fi F.K.\u2019yi, d\u00fcn g\u00f6zalt\u0131na ald\u0131. Bug\u00fcn ise \u00d6mer Kak\u0131z\u2019\u0131n k\u0131z\u0131 E.N.K. ve k\u0131z\u0131n\u0131n ni\u015fanl\u0131s\u0131 A.K. de ona yard\u0131m ettikleri iddias\u0131yla g\u00f6zalt\u0131na al\u0131nd\u0131. Polisteki ifadesinde su\u00e7u itiraf eden \u00d6mer Kak\u0131z\u2019\u0131n kar\u0131s\u0131 F.K.\u2019nin, e\u015finden s\u00fcrekli \u015fiddet g\u00f6rd\u00fc\u011f\u00fcn\u00fc ve uzun s\u00fcredir psikolojik bask\u0131 alt\u0131nda ya\u015fad\u0131\u011f\u0131n\u0131, olay g\u00fcn\u00fc de kendisine sald\u0131rd\u0131\u011f\u0131 gerek\u00e7esiyle cinayeti i\u015fledi\u011fini s\u00f6yledi\u011fi \u00f6\u011frenildi.<\/p>\n<p>Emniyetteki \u015f\u00fcphelilerin i\u015flemleri s\u00fcr\u00fcyor.<br \/><\/p>\n","protected":false},"excerpt":{"rendered":"<p>\u0130zmir\u2019in Konak il\u00e7esinde tabancayla vurulan 44 ya\u015f\u0131ndaki adam hayat\u0131n\u0131 kaybetti. Hayat\u0131n\u0131 kaybeden adam\u0131n kar\u0131s\u0131n\u0131n ise cinayeti itiraf etti\u011fi ve \u015fiddet g\u00f6rd\u00fc\u011f\u00fc i\u00e7in olay\u0131 ger\u00e7ekle\u015ftirdi\u011fini s\u00f6yledi\u011fi \u00f6\u011frenildi. Olay d\u00fcn ak\u015fam saatlerinde il\u00e7eye ba\u011fl\u0131 T\u0131naztepe Mahallesi 568 Sokakta meydana geldi. Sokaktaki bir evden gelen silah seslerini duyan kom\u015fular durumu 112 Acil \u00c7a\u011fr\u0131 Merkezine bildirdi. \u0130hbar \u00fczerine olay&#8230;<\/p>\n","protected":false},"author":1,"featured_media":32278,"comment_status":"open","ping_status":"open","sticky":false,"template":"","format":"standard","meta":{"_crdt_document":"","footnotes":""},"categories":[5],"tags":[],"class_list":["post-32277","post","type-post","status-publish","format-standard","has-post-thumbnail","hentry","category-asayis"],"_links":{"self":[{"href":"https:\/\/www.egemtv.com\/index.php?rest_route=\/wp\/v2\/posts\/32277","targetHints":{"allow":["GET"]}}],"collection":[{"href":"https:\/\/www.egemtv.com\/index.php?rest_route=\/wp\/v2\/posts"}],"about":[{"href":"https:\/\/www.egemtv.com\/index.php?rest_route=\/wp\/v2\/types\/post"}],"author":[{"embeddable":true,"href":"https:\/\/www.egemtv.com\/index.php?rest_route=\/wp\/v2\/users\/1"}],"replies":[{"embeddable":true,"href":"https:\/\/www.egemtv.com\/index.php?rest_route=%2Fwp%2Fv2%2Fcomments&post=32277"}],"version-history":[{"count":1,"href":"https:\/\/www.egemtv.com\/index.php?rest_route=\/wp\/v2\/posts\/32277\/revisions"}],"predecessor-version":[{"id":32279,"href":"https:\/\/www.egemtv.com\/index.php?rest_route=\/wp\/v2\/posts\/32277\/revisions\/32279"}],"wp:featuredmedia":[{"embeddable":true,"href":"https:\/\/www.egemtv.com\/index.php?rest_route=\/wp\/v2\/media\/32278"}],"wp:attachment":[{"href":"https:\/\/www.egemtv.com\/index.php?rest_route=%2Fwp%2Fv2%2Fmedia&parent=32277"}],"wp:term":[{"taxonomy":"category","embeddable":true,"href":"https:\/\/www.egemtv.com\/index.php?rest_route=%2Fwp%2Fv2%2Fcategories&post=32277"},{"taxonomy":"post_tag","embeddable":true,"href":"https:\/\/www.egemtv.com\/index.php?rest_route=%2Fwp%2Fv2%2Ftags&post=32277"}],"curies":[{"name":"wp","href":"https:\/\/api.w.org\/{rel}","templated":true}]}}