{"id":32274,"date":"2025-05-29T16:57:54","date_gmt":"2025-05-29T13:57:54","guid":{"rendered":"https:\/\/www.egemtv.com\/?p=32274"},"modified":"2025-05-29T16:57:58","modified_gmt":"2025-05-29T13:57:58","slug":"kosgebin-destek-programi-girisimcilere-anlatildi","status":"publish","type":"post","link":"https:\/\/www.egemtv.com\/?p=32274","title":{"rendered":"KOSGEB\u2019in destek program\u0131 giri\u015fimcilere anlat\u0131ld\u0131"},"content":{"rendered":"<p>Manisal\u0131 sanayici ve giri\u015fimcilerin hem k\u00fcresel piyasalarda rekabet g\u00fcc\u00fcn\u00fc artt\u0131rmas\u0131 hem de de\u011fi\u015fen ekonomik \u015fartlara daha dayan\u0131kl\u0131 olmas\u0131 amac\u0131yla Manisa Ticaret ve Sanayi Odas\u0131 ev sahipli\u011finde &#8220;KOSGEB Destek Programlar\u0131 Bilgilendirme Toplant\u0131s\u0131&#8221; d\u00fczenlendi.<br \/>\n<br \/>Manisa Ticaret ve Sanayi Odas\u0131\u2019n\u0131n destekleriyle &#8220;KOSGEB Destek Programlar\u0131 Bilgilendirme Toplant\u0131s\u0131&#8221; sanayiciler ve giri\u015fimcileri bir araya getirdi. Toplant\u0131ya kat\u0131lan KOSGEB Ba\u015fkan\u0131 Ahmet Serdar \u0130brahimcio\u011flu, KOB\u0130\u2019lere y\u00f6nelik sunulan destekler hakk\u0131nda \u00f6nemli bilgiler payla\u015ft\u0131. Manisa Ticaret ve Sanayi Odas\u0131 Toplant\u0131 Salonunda KOB\u0130\u2019ler i\u00e7in destek ve d\u00f6n\u00fc\u015f\u00fcm program\u0131 d\u00fczenlendi. Manisa Ticaret ve Sanayi Odas\u0131 Y\u00f6netim Kurulu Ba\u015fkanvekili Sezen \u015eenay, Y\u00f6netim Kurulu \u00dcyesi R\u0131fat Sar\u0131, KOSGEB Ba\u015fkan\u0131 Ahmet Serdar \u0130brahimcio\u011flu, sanayiciler ve giri\u015fimciler kat\u0131ld\u0131.<br \/>\n<br \/>Manisa Ticaret ve Sanayi Odas\u0131 Y\u00f6netim Kurulu Ba\u015fkanvekili Sezen \u015eenay, &#8220;KOB\u0130\u2019lerimiz, hem ilimizin hem de \u00fclkemizin istihdam\u0131na, \u00fcretimine ve ihracat\u0131na \u00f6nemli katk\u0131lar sa\u011flamaktad\u0131r. Ancak g\u00fcn\u00fcm\u00fczde de\u011fi\u015fen ekonomik ko\u015fullar, dijitalle\u015fme, ye\u015fil d\u00f6n\u00fc\u015f\u00fcm ve k\u00fcresel rekabet gibi dinamikler, i\u015fletmelerimizin daha dayan\u0131kl\u0131, daha yenilik\u00e7i ve daha s\u00fcrd\u00fcr\u00fclebilir hale gelmesini zorunlu k\u0131lmaktad\u0131r. Bu noktada, KOSGEB\u2019in sa\u011flad\u0131\u011f\u0131 destek ve programlar, KOB\u0130\u2019lerimizin bu d\u00f6n\u00fc\u015f\u00fcme ayak uydurmas\u0131 ve gelece\u011fe daha g\u00fc\u00e7l\u00fc ad\u0131mlarla ilerlemesi a\u00e7\u0131s\u0131ndan b\u00fcy\u00fck \u00f6nem ta\u015f\u0131maktad\u0131r. Bizlerle birlikte olan, vizyoner yakla\u015f\u0131m\u0131yla KOSGEB\u2019e yeni bir soluk kazand\u0131ran Ba\u015fkan\u0131m\u0131z Ahmet Serdar \u0130brahimo\u011flu\u2019na, nazik kat\u0131l\u0131mlar\u0131 ve de\u011ferli bilgileri i\u00e7in te\u015fekk\u00fcr ederim. Manisa TSO olarak, \u00fcyelerimizin her alanda geli\u015fimini desteklemek, devlet desteklerini en etkin bi\u00e7imde kullanmalar\u0131n\u0131 sa\u011flamak ve i\u015f d\u00fcnyam\u0131z\u0131n d\u00f6n\u00fc\u015f\u00fcm yolculu\u011funda rehberlik etmek bizim en temel sorumluluklar\u0131m\u0131zdan biridir&#8221; dedi.<br \/>\n<br \/>KOSGEB Ba\u015fkan\u0131 Ahmet Serdar \u0130brahimcio\u011flu, konu\u015fmas\u0131nda kurumun vizyonundan s\u00f6z ederek, yal\u0131n, eri\u015filebilir, dijital ve k\u00fcresel bir yap\u0131 olu\u015fturduklar\u0131n\u0131 vurgulad\u0131. \u0130brahimcio\u011flu, KOSGEB\u2019in sundu\u011fu finansal destekler, hibe ve te\u015fvik programlar\u0131yla i\u015fletmelerin b\u00fcy\u00fcme s\u00fcrecine nas\u0131l katk\u0131 sa\u011flad\u0131\u011f\u0131n\u0131 vurgulayarak, sanayi b\u00f6lgelerindeki firmalar\u0131n bu desteklerden en verimli \u015fekilde faydalanmas\u0131n\u0131n \u00f6nemine dikkat \u00e7ekti.<br \/>\n<br \/>\u0130brahimcio\u011flu, T\u00fcrkiye\u2019de \u015firketlerde kad\u0131n giri\u015fimci oran\u0131n\u0131n y\u00fczde 14 ila 17 aras\u0131nda de\u011fi\u015fti\u011fini belirterek, KOSGEB b\u00fct\u00e7esinin y\u00fczde 40\u2019tan fazlas\u0131n\u0131 kad\u0131n giri\u015fimcilere verdi\u011fini kaydetti, bundan dolay\u0131 da kad\u0131n giri\u015fimcilere ciddi anlamda pozitif ayr\u0131mc\u0131l\u0131k sa\u011flad\u0131klar\u0131n\u0131 s\u00f6yledi. \u0130brahimcio\u011flu, KOSGEB\u2019in kuruldu\u011fu g\u00fcnden itibaren gen\u00e7lere ve kad\u0131nlara bu ayr\u0131mc\u0131l\u0131\u011f\u0131n sa\u011fland\u0131\u011f\u0131n\u0131 ifade etti.<br \/><\/p>\n","protected":false},"excerpt":{"rendered":"<p>Manisal\u0131 sanayici ve giri\u015fimcilerin hem k\u00fcresel piyasalarda rekabet g\u00fcc\u00fcn\u00fc artt\u0131rmas\u0131 hem de de\u011fi\u015fen ekonomik \u015fartlara daha dayan\u0131kl\u0131 olmas\u0131 amac\u0131yla Manisa Ticaret ve Sanayi Odas\u0131 ev sahipli\u011finde &#8220;KOSGEB Destek Programlar\u0131 Bilgilendirme Toplant\u0131s\u0131&#8221; d\u00fczenlendi. Manisa Ticaret ve Sanayi Odas\u0131\u2019n\u0131n destekleriyle &#8220;KOSGEB Destek Programlar\u0131 Bilgilendirme Toplant\u0131s\u0131&#8221; sanayiciler ve giri\u015fimcileri bir araya getirdi. Toplant\u0131ya kat\u0131lan KOSGEB Ba\u015fkan\u0131 Ahmet Serdar&#8230;<\/p>\n","protected":false},"author":1,"featured_media":32275,"comment_status":"open","ping_status":"open","sticky":false,"template":"","format":"standard","meta":{"_crdt_document":"","footnotes":""},"categories":[125],"tags":[],"class_list":["post-32274","post","type-post","status-publish","format-standard","has-post-thumbnail","hentry","category-ekonomi"],"_links":{"self":[{"href":"https:\/\/www.egemtv.com\/index.php?rest_route=\/wp\/v2\/posts\/32274","targetHints":{"allow":["GET"]}}],"collection":[{"href":"https:\/\/www.egemtv.com\/index.php?rest_route=\/wp\/v2\/posts"}],"about":[{"href":"https:\/\/www.egemtv.com\/index.php?rest_route=\/wp\/v2\/types\/post"}],"author":[{"embeddable":true,"href":"https:\/\/www.egemtv.com\/index.php?rest_route=\/wp\/v2\/users\/1"}],"replies":[{"embeddable":true,"href":"https:\/\/www.egemtv.com\/index.php?rest_route=%2Fwp%2Fv2%2Fcomments&post=32274"}],"version-history":[{"count":1,"href":"https:\/\/www.egemtv.com\/index.php?rest_route=\/wp\/v2\/posts\/32274\/revisions"}],"predecessor-version":[{"id":32276,"href":"https:\/\/www.egemtv.com\/index.php?rest_route=\/wp\/v2\/posts\/32274\/revisions\/32276"}],"wp:featuredmedia":[{"embeddable":true,"href":"https:\/\/www.egemtv.com\/index.php?rest_route=\/wp\/v2\/media\/32275"}],"wp:attachment":[{"href":"https:\/\/www.egemtv.com\/index.php?rest_route=%2Fwp%2Fv2%2Fmedia&parent=32274"}],"wp:term":[{"taxonomy":"category","embeddable":true,"href":"https:\/\/www.egemtv.com\/index.php?rest_route=%2Fwp%2Fv2%2Fcategories&post=32274"},{"taxonomy":"post_tag","embeddable":true,"href":"https:\/\/www.egemtv.com\/index.php?rest_route=%2Fwp%2Fv2%2Ftags&post=32274"}],"curies":[{"name":"wp","href":"https:\/\/api.w.org\/{rel}","templated":true}]}}