{"id":32271,"date":"2025-05-29T16:57:49","date_gmt":"2025-05-29T13:57:49","guid":{"rendered":"https:\/\/www.egemtv.com\/?p=32271"},"modified":"2025-05-29T16:57:54","modified_gmt":"2025-05-29T13:57:54","slug":"demircide-kuran-kursu-ogrencilerinden-yil-sonu-gosterisi","status":"publish","type":"post","link":"https:\/\/www.egemtv.com\/?p=32271","title":{"rendered":"Demirci\u2019de Kur\u2019an Kursu \u00f6\u011frencilerinden y\u0131l sonu g\u00f6sterisi"},"content":{"rendered":"<p>Manisa\u2019n\u0131n Demirci il\u00e7esinde 4-6 Ya\u015f Kur\u2019an Kursu y\u0131l sonu etkinli\u011fi yo\u011fun bir kat\u0131l\u0131mla ger\u00e7ekle\u015ftirildi.<br \/>\n<br \/>Mehmet Akif Ersoy Gen\u00e7lik Merkezi konferans salonunda d\u00fczenlenen y\u0131lsonu program\u0131na Demirci Kaymakam\u0131 Yavuz Arslan, Belediye Ba\u015fkan\u0131 Erkan Kara, \u0130l\u00e7e Milli E\u011fitim M\u00fcd\u00fcr\u00fc Bilal \u00c7etinkaya, Gen\u00e7lik ve Spor \u0130l\u00e7e M\u00fcd\u00fcr\u00fc Bilal Y\u0131lmaz, \u00f6\u011frenci aileleri ve vatanda\u015flar kat\u0131ld\u0131.<br \/>\n<br \/>Sayg\u0131 duru\u015funda bulunulmas\u0131 ve \u0130stiklal Mar\u015f\u0131n\u0131n okunmas\u0131yla ba\u015flaya programda Demirci \u0130l\u00e7e M\u00fcft\u00fcs\u00fc \u0130brahim Sa\u011flam g\u00fcn\u00fcn anlam ve \u00f6nemi belirten konu\u015fmas\u0131nda, &#8220;Demirci Ak\u0131nc\u0131lar\u0131 4-6 Ya\u015f Kur\u2019an Kursunda \u00e7ocuklar\u0131m\u0131z\u0131 milli ve manevi de\u011ferlerine ba\u011fl\u0131 bir \u015fekilde yeti\u015ftiriyoruz. \u00c7ocuklar\u0131m\u0131za dualar, ilahiler ve Kur\u2019an-\u0131 Kerim e\u011fitiminin yan\u0131nda robotik kodlama ve ak\u0131l zeka oyunlar\u0131n\u0131n da e\u011fitimini veriyoruz. 125 \u00f6\u011frencimizin e\u011fitim g\u00f6rd\u00fc\u011f\u00fc 4-6 ya\u015f Kur\u2019an Kursumuzda 60 \u00f6\u011frencimiz Kur\u2019an-\u0131 Kerim okumaya ba\u015flad\u0131. \u00c7ocuklar\u0131m\u0131z de\u011ferler e\u011fitimi noktas\u0131nda da sayg\u0131, i\u015fbirli\u011fi, yard\u0131mla\u015fma, sorumluluk ve payla\u015fmay\u0131 \u00f6\u011frendi.&#8221; dedi.<br \/>\n<br \/>Konu\u015fmalar\u0131n ard\u0131ndan Kur\u2019an Kursu \u00f6\u011frencileri taraf\u0131ndan Kur\u2019an-\u0131 Kerim tilaveti, semazen g\u00f6sterisi, ilahiler, \u015fiirler ve ilahiler e\u015fli\u011finde g\u00f6steriler yap\u0131ld\u0131.<br \/>\n<br \/>Yo\u011fun bir kat\u0131l\u0131m\u0131n oldu\u011fu y\u0131l sonu program\u0131nda \u00f6\u011frencilerin g\u00f6sterilerde sergiledikleri performanslar b\u00fcy\u00fck be\u011feni ald\u0131.<br \/><\/p>\n","protected":false},"excerpt":{"rendered":"<p>Manisa\u2019n\u0131n Demirci il\u00e7esinde 4-6 Ya\u015f Kur\u2019an Kursu y\u0131l sonu etkinli\u011fi yo\u011fun bir kat\u0131l\u0131mla ger\u00e7ekle\u015ftirildi. Mehmet Akif Ersoy Gen\u00e7lik Merkezi konferans salonunda d\u00fczenlenen y\u0131lsonu program\u0131na Demirci Kaymakam\u0131 Yavuz Arslan, Belediye Ba\u015fkan\u0131 Erkan Kara, \u0130l\u00e7e Milli E\u011fitim M\u00fcd\u00fcr\u00fc Bilal \u00c7etinkaya, Gen\u00e7lik ve Spor \u0130l\u00e7e M\u00fcd\u00fcr\u00fc Bilal Y\u0131lmaz, \u00f6\u011frenci aileleri ve vatanda\u015flar kat\u0131ld\u0131. Sayg\u0131 duru\u015funda bulunulmas\u0131 ve \u0130stiklal&#8230;<\/p>\n","protected":false},"author":1,"featured_media":32272,"comment_status":"open","ping_status":"open","sticky":false,"template":"","format":"standard","meta":{"_crdt_document":"","footnotes":""},"categories":[1],"tags":[],"class_list":["post-32271","post","type-post","status-publish","format-standard","has-post-thumbnail","hentry","category-guncel"],"_links":{"self":[{"href":"https:\/\/www.egemtv.com\/index.php?rest_route=\/wp\/v2\/posts\/32271","targetHints":{"allow":["GET"]}}],"collection":[{"href":"https:\/\/www.egemtv.com\/index.php?rest_route=\/wp\/v2\/posts"}],"about":[{"href":"https:\/\/www.egemtv.com\/index.php?rest_route=\/wp\/v2\/types\/post"}],"author":[{"embeddable":true,"href":"https:\/\/www.egemtv.com\/index.php?rest_route=\/wp\/v2\/users\/1"}],"replies":[{"embeddable":true,"href":"https:\/\/www.egemtv.com\/index.php?rest_route=%2Fwp%2Fv2%2Fcomments&post=32271"}],"version-history":[{"count":1,"href":"https:\/\/www.egemtv.com\/index.php?rest_route=\/wp\/v2\/posts\/32271\/revisions"}],"predecessor-version":[{"id":32273,"href":"https:\/\/www.egemtv.com\/index.php?rest_route=\/wp\/v2\/posts\/32271\/revisions\/32273"}],"wp:featuredmedia":[{"embeddable":true,"href":"https:\/\/www.egemtv.com\/index.php?rest_route=\/wp\/v2\/media\/32272"}],"wp:attachment":[{"href":"https:\/\/www.egemtv.com\/index.php?rest_route=%2Fwp%2Fv2%2Fmedia&parent=32271"}],"wp:term":[{"taxonomy":"category","embeddable":true,"href":"https:\/\/www.egemtv.com\/index.php?rest_route=%2Fwp%2Fv2%2Fcategories&post=32271"},{"taxonomy":"post_tag","embeddable":true,"href":"https:\/\/www.egemtv.com\/index.php?rest_route=%2Fwp%2Fv2%2Ftags&post=32271"}],"curies":[{"name":"wp","href":"https:\/\/api.w.org\/{rel}","templated":true}]}}