{"id":32268,"date":"2025-05-29T16:36:16","date_gmt":"2025-05-29T13:36:16","guid":{"rendered":"https:\/\/www.egemtv.com\/?p=32268"},"modified":"2025-05-29T16:36:21","modified_gmt":"2025-05-29T13:36:21","slug":"didim-belediyesi-cankurtaran-ekiplerinin-tatbikati-gercegini-aratmadi","status":"publish","type":"post","link":"https:\/\/www.egemtv.com\/?p=32268","title":{"rendered":"Didim Belediyesi cankurtaran ekiplerinin tatbikat\u0131 ger\u00e7e\u011fini aratmad\u0131"},"content":{"rendered":"<p>Didim Belediyesi\u2019ne ba\u011fl\u0131 cankurtaran ekipleri, yakla\u015fan yaz sezonu \u00f6ncesinde vatanda\u015flar\u0131n deniz g\u00fcvenli\u011fini en \u00fcst seviyede sa\u011flamak amac\u0131yla kapsaml\u0131 bir tatbikat d\u00fczenledi.<\/p>\n<p>Didim halk\u0131 ve yaz tatilcilerinin g\u00fcvenli\u011fini sa\u011flamak i\u00e7in g\u00f6rev ba\u015f\u0131nda olacak olan cankurtaran ekipleri, vatanda\u015flar\u0131n deniz g\u00fcvenli\u011fini en \u00fcst seviyeye ta\u015f\u0131mak amac\u0131yla sezon \u00f6ncesi tatbikat ger\u00e7ekle\u015ftirdi. Geni\u015f \u00e7apl\u0131 ger\u00e7ekle\u015ftirilen tatbikat kapsam\u0131nda, ekipler kurtarma teknikleri, ilkyard\u0131m m\u00fcdahaleleri ve koordinasyon s\u00fcre\u00e7leri ba\u015far\u0131 ile uyguland\u0131. Ger\u00e7ek\u00e7i senaryolarla yap\u0131lan uygulamalarda, bo\u011fulma tehlikesi ya\u015fayan ki\u015filere h\u0131zl\u0131 ve etkili m\u00fcdahale y\u00f6ntemleri ba\u015far\u0131 ile uyguland\u0131.<\/p>\n<p>Konu ile ilgili bilgi veren Didim Belediye Ba\u015fkan\u0131 Hatice Gen\u00e7ay, &#8220;Yaz sezonuna yakla\u015ft\u0131\u011f\u0131m\u0131z bu g\u00fcnlerde vatanda\u015flar\u0131m\u0131z\u0131n deniz g\u00fcvenli\u011fini \u00fcst seviyede tutmak amac\u0131yla, Didim Belediyesi Cankurtaran ekiplerimiz geni\u015f \u00e7apl\u0131 bir tatbikat \u00e7al\u0131\u015fmas\u0131 ger\u00e7ekle\u015ftirdi. Ger\u00e7ek\u00e7i senaryolarla yapt\u0131\u011f\u0131m\u0131z tatbikatta, bo\u011fulma tehlikesi ya\u015fayan ki\u015filere h\u0131zl\u0131 ve etkin m\u00fcdahaleler yap\u0131ld\u0131. Tatbikatta; kurtarma teknikleri, ilkyard\u0131m m\u00fcdahaleleri ve koordinasyon s\u00fcreci ba\u015far\u0131yla uyguland\u0131. Hem sahillerimizin g\u00fcvenli\u011fi hem de ekiplerimizin haz\u0131r olmas\u0131 i\u00e7in d\u00fczenli e\u011fitim ve denetimlerimizi s\u00fcrd\u00fcr\u00fcyoruz&#8221; dedi.<br \/><\/p>\n","protected":false},"excerpt":{"rendered":"<p>Didim Belediyesi\u2019ne ba\u011fl\u0131 cankurtaran ekipleri, yakla\u015fan yaz sezonu \u00f6ncesinde vatanda\u015flar\u0131n deniz g\u00fcvenli\u011fini en \u00fcst seviyede sa\u011flamak amac\u0131yla kapsaml\u0131 bir tatbikat d\u00fczenledi. Didim halk\u0131 ve yaz tatilcilerinin g\u00fcvenli\u011fini sa\u011flamak i\u00e7in g\u00f6rev ba\u015f\u0131nda olacak olan cankurtaran ekipleri, vatanda\u015flar\u0131n deniz g\u00fcvenli\u011fini en \u00fcst seviyeye ta\u015f\u0131mak amac\u0131yla sezon \u00f6ncesi tatbikat ger\u00e7ekle\u015ftirdi. Geni\u015f \u00e7apl\u0131 ger\u00e7ekle\u015ftirilen tatbikat kapsam\u0131nda, ekipler kurtarma teknikleri,&#8230;<\/p>\n","protected":false},"author":1,"featured_media":32269,"comment_status":"open","ping_status":"open","sticky":false,"template":"","format":"standard","meta":{"_crdt_document":"","footnotes":""},"categories":[1],"tags":[],"class_list":["post-32268","post","type-post","status-publish","format-standard","has-post-thumbnail","hentry","category-guncel"],"_links":{"self":[{"href":"https:\/\/www.egemtv.com\/index.php?rest_route=\/wp\/v2\/posts\/32268","targetHints":{"allow":["GET"]}}],"collection":[{"href":"https:\/\/www.egemtv.com\/index.php?rest_route=\/wp\/v2\/posts"}],"about":[{"href":"https:\/\/www.egemtv.com\/index.php?rest_route=\/wp\/v2\/types\/post"}],"author":[{"embeddable":true,"href":"https:\/\/www.egemtv.com\/index.php?rest_route=\/wp\/v2\/users\/1"}],"replies":[{"embeddable":true,"href":"https:\/\/www.egemtv.com\/index.php?rest_route=%2Fwp%2Fv2%2Fcomments&post=32268"}],"version-history":[{"count":1,"href":"https:\/\/www.egemtv.com\/index.php?rest_route=\/wp\/v2\/posts\/32268\/revisions"}],"predecessor-version":[{"id":32270,"href":"https:\/\/www.egemtv.com\/index.php?rest_route=\/wp\/v2\/posts\/32268\/revisions\/32270"}],"wp:featuredmedia":[{"embeddable":true,"href":"https:\/\/www.egemtv.com\/index.php?rest_route=\/wp\/v2\/media\/32269"}],"wp:attachment":[{"href":"https:\/\/www.egemtv.com\/index.php?rest_route=%2Fwp%2Fv2%2Fmedia&parent=32268"}],"wp:term":[{"taxonomy":"category","embeddable":true,"href":"https:\/\/www.egemtv.com\/index.php?rest_route=%2Fwp%2Fv2%2Fcategories&post=32268"},{"taxonomy":"post_tag","embeddable":true,"href":"https:\/\/www.egemtv.com\/index.php?rest_route=%2Fwp%2Fv2%2Ftags&post=32268"}],"curies":[{"name":"wp","href":"https:\/\/api.w.org\/{rel}","templated":true}]}}