{"id":32265,"date":"2025-05-29T16:17:17","date_gmt":"2025-05-29T13:17:17","guid":{"rendered":"https:\/\/www.egemtv.com\/?p=32265"},"modified":"2025-05-29T16:17:22","modified_gmt":"2025-05-29T13:17:22","slug":"usakta-plastik-kirliligiyle-mucadeleye-dikkat-cekildi","status":"publish","type":"post","link":"https:\/\/www.egemtv.com\/?p=32265","title":{"rendered":"U\u015fak\u2019ta plastik kirlili\u011fiyle m\u00fccadeleye dikkat \u00e7ekildi"},"content":{"rendered":"<p>U\u015fak\u2019ta T\u00fcrkiye \u00c7evre Haftas\u0131 etkinlikleri kapsam\u0131nda &#8220;Plastik Kirlili\u011fi ile M\u00fccadele&#8221; temas\u0131 ve &#8220;\u00c7evrene \u0130yi Bak&#8221; slogan\u0131yla \u00e7e\u015fitli etkinliklerle kutland\u0131.<\/p>\n<p>\u00c7evre, \u015eehircilik ve \u0130klim De\u011fi\u015fikli\u011fi \u0130l M\u00fcd\u00fcrl\u00fc\u011f\u00fc koordinasyonunda U\u015fak\u2019\u0131n Banaz il\u00e7esine ba\u011fl\u0131 Evren Dede mesire alan\u0131nda kutlanan etkinlik, Vali Akta\u015f\u2019\u0131n \u00f6\u011frenciler taraf\u0131ndan geri d\u00f6n\u00fc\u015f\u00fcm malzemelerinden yap\u0131lan \u00fcr\u00fcnleri ve kurumlar taraf\u0131ndan kurulan stantlar\u0131 incelemesiyle ba\u015flad\u0131. Ard\u0131ndan sayg\u0131 duru\u015fu ve \u0130stiklal Mar\u015f\u0131\u2019n\u0131n okunmas\u0131yla devam eden etkinli\u011fe U\u015fak Valisi Naci Akta\u015f, \u015fak \u00dcniversitesi Rekt\u00f6r\u00fc Prof. Dr. Ekrem Sava\u015f, Vali Yard\u0131mc\u0131s\u0131 Dr. Olgun \u00d6ner, Banaz Kaymakam\u0131 Cuma Eme\u00e7, Banaz Belediye Ba\u015fkan\u0131 Zafer Arpac\u0131, \u0130l Emniyet M\u00fcd\u00fcr\u00fc Mehmet Ali Kolcu, \u0130l Jandarma Komutan\u0131 Fahri Semiz, kurum m\u00fcd\u00fcrleri, \u00f6\u011frenciler ve vatanda\u015flar kat\u0131ld\u0131.<\/p>\n<p>U\u015fak\u2019ta 14 milyon kilogramdan fazla geri d\u00f6n\u00fc\u015ft\u00fcrebilir at\u0131\u011f\u0131n yeniden kazand\u0131r\u0131ld\u0131\u011f\u0131n\u0131 aktaran Vali Akta\u015f; &#8220;Bu y\u0131lki temam\u0131z olan plastik kirlili\u011fi, do\u011fada \u00e7\u00f6z\u00fcnmeyen at\u0131klar\u0131n olu\u015fturdu\u011fu ciddi bir sorundur. Plastik at\u0131klar, yaln\u0131zca \u00e7evreye de\u011fil; su kaynaklar\u0131m\u0131za, topraklar\u0131m\u0131za ve sa\u011fl\u0131\u011f\u0131m\u0131za da zarar vermektedir. Bu nedenle tek kullan\u0131ml\u0131k plastiklerin azalt\u0131lmas\u0131, geri d\u00f6n\u00fc\u015f\u00fcm\u00fcn art\u0131r\u0131lmas\u0131 ve s\u0131f\u0131r at\u0131k k\u00fclt\u00fcr\u00fcn\u00fcn yayg\u0131nla\u015ft\u0131r\u0131lmas\u0131 hepimizin ortak sorumlulu\u011fudur. Bu sorumlulu\u011fu ba\u015far\u0131yla yerine getiren illerden biri olarak, ilimiz geri d\u00f6n\u00fc\u015f\u00fcm ve \u00e7evre dostu uygulamalarda \u00f6rnek bir konumdad\u0131r. \u0130limizde, S\u0131f\u0131r At\u0131k kapsam\u0131nda yakla\u015f\u0131k 61 bin ki\u015fiye e\u011fitim verilmi\u015f, 14 milyon kilogramdan fazla geri d\u00f6n\u00fc\u015ft\u00fcr\u00fclebilir at\u0131k, kayna\u011f\u0131nda ayr\u0131larak yeniden ekonomiye kazand\u0131r\u0131lm\u0131\u015ft\u0131r. Bu rakamlar, ilimizin \u00e7evre duyarl\u0131l\u0131\u011f\u0131n\u0131 ve s\u00fcrd\u00fcr\u00fclebilirlik konusundaki kararl\u0131l\u0131\u011f\u0131n\u0131 a\u00e7\u0131k\u00e7a ortaya koymaktad\u0131r.&#8221; dedi.<\/p>\n<p>Konu\u015fman\u0131n ard\u0131ndan etkinlik kapsam\u0131nda \u00f6\u011frenciler taraf\u0131ndan \u00e7e\u015fitli g\u00f6steriler ve yar\u0131\u015fmalar ger\u00e7ekle\u015ftirildi.<br \/>\n<br \/>G\u00f6sterilerin ard\u0131ndan, U\u015fak Do\u011fa Koruma ve Milli Parklar M\u00fcd\u00fcrl\u00fc\u011f\u00fc taraf\u0131ndan yaral\u0131 olarak yakalanm\u0131\u015f Kerkenez ku\u015fu tedavisinin ard\u0131ndan Vali Akta\u015f taraf\u0131ndan tekrardan do\u011faya sal\u0131nd\u0131.<br \/>\n<br \/>Etkinlik, toplu foto\u011fraf \u00e7ekiminin ard\u0131ndan sona erdi.<br \/><\/p>\n","protected":false},"excerpt":{"rendered":"<p>U\u015fak\u2019ta T\u00fcrkiye \u00c7evre Haftas\u0131 etkinlikleri kapsam\u0131nda &#8220;Plastik Kirlili\u011fi ile M\u00fccadele&#8221; temas\u0131 ve &#8220;\u00c7evrene \u0130yi Bak&#8221; slogan\u0131yla \u00e7e\u015fitli etkinliklerle kutland\u0131. \u00c7evre, \u015eehircilik ve \u0130klim De\u011fi\u015fikli\u011fi \u0130l M\u00fcd\u00fcrl\u00fc\u011f\u00fc koordinasyonunda U\u015fak\u2019\u0131n Banaz il\u00e7esine ba\u011fl\u0131 Evren Dede mesire alan\u0131nda kutlanan etkinlik, Vali Akta\u015f\u2019\u0131n \u00f6\u011frenciler taraf\u0131ndan geri d\u00f6n\u00fc\u015f\u00fcm malzemelerinden yap\u0131lan \u00fcr\u00fcnleri ve kurumlar taraf\u0131ndan kurulan stantlar\u0131 incelemesiyle ba\u015flad\u0131. Ard\u0131ndan sayg\u0131&#8230;<\/p>\n","protected":false},"author":1,"featured_media":32266,"comment_status":"open","ping_status":"open","sticky":false,"template":"","format":"standard","meta":{"_crdt_document":"","footnotes":""},"categories":[1],"tags":[],"class_list":["post-32265","post","type-post","status-publish","format-standard","has-post-thumbnail","hentry","category-guncel"],"_links":{"self":[{"href":"https:\/\/www.egemtv.com\/index.php?rest_route=\/wp\/v2\/posts\/32265","targetHints":{"allow":["GET"]}}],"collection":[{"href":"https:\/\/www.egemtv.com\/index.php?rest_route=\/wp\/v2\/posts"}],"about":[{"href":"https:\/\/www.egemtv.com\/index.php?rest_route=\/wp\/v2\/types\/post"}],"author":[{"embeddable":true,"href":"https:\/\/www.egemtv.com\/index.php?rest_route=\/wp\/v2\/users\/1"}],"replies":[{"embeddable":true,"href":"https:\/\/www.egemtv.com\/index.php?rest_route=%2Fwp%2Fv2%2Fcomments&post=32265"}],"version-history":[{"count":1,"href":"https:\/\/www.egemtv.com\/index.php?rest_route=\/wp\/v2\/posts\/32265\/revisions"}],"predecessor-version":[{"id":32267,"href":"https:\/\/www.egemtv.com\/index.php?rest_route=\/wp\/v2\/posts\/32265\/revisions\/32267"}],"wp:featuredmedia":[{"embeddable":true,"href":"https:\/\/www.egemtv.com\/index.php?rest_route=\/wp\/v2\/media\/32266"}],"wp:attachment":[{"href":"https:\/\/www.egemtv.com\/index.php?rest_route=%2Fwp%2Fv2%2Fmedia&parent=32265"}],"wp:term":[{"taxonomy":"category","embeddable":true,"href":"https:\/\/www.egemtv.com\/index.php?rest_route=%2Fwp%2Fv2%2Fcategories&post=32265"},{"taxonomy":"post_tag","embeddable":true,"href":"https:\/\/www.egemtv.com\/index.php?rest_route=%2Fwp%2Fv2%2Ftags&post=32265"}],"curies":[{"name":"wp","href":"https:\/\/api.w.org\/{rel}","templated":true}]}}