{"id":32262,"date":"2025-05-29T16:17:12","date_gmt":"2025-05-29T13:17:12","guid":{"rendered":"https:\/\/www.egemtv.com\/?p=32262"},"modified":"2025-05-29T16:17:17","modified_gmt":"2025-05-29T13:17:17","slug":"desob-baskani-erbegi-denizlinin-yildizlarini-agirladi","status":"publish","type":"post","link":"https:\/\/www.egemtv.com\/?p=32262","title":{"rendered":"DESOB Ba\u015fkan\u0131 Erbe\u011fi, Denizli\u2019nin y\u0131ld\u0131zlar\u0131n\u0131 a\u011f\u0131rlad\u0131"},"content":{"rendered":"<p>Denizli\u2019de d\u00fczenlenen ve bir \u00e7ok ilden gelen yar\u0131\u015fmac\u0131lar\u0131n kat\u0131l\u0131m\u0131 ile ger\u00e7ekle\u015fen &#8220;Denizli\u2019nin Parlayan Y\u0131ld\u0131zlar\u0131&#8221; yar\u0131\u015fmas\u0131nda, dereceye giren yar\u0131\u015fmac\u0131lar, Denizli Esnaf ve Sanatkarlar Odalar\u0131 Birli\u011fi Ba\u015fkan\u0131 Mehmet Ali Erbe\u011fi ziyaret etti.<\/p>\n<p>&#8220;Denizli\u2019nin Parlayan Y\u0131ld\u0131zlar\u0131&#8221; yar\u0131\u015fmas\u0131nda t\u00fcrban kategorisi birincisi Nurcan K\u00f6sehan ve Makyaj kategorisinde \u00fc\u00e7\u00fcnc\u00fc olan Sevim Alk\u0131\u015f, Denizli Esnaf ve Sanatkarlar Odalar\u0131 Birli\u011fi Ba\u015fkan\u0131 Mehmet Ali Erbe\u011fi\u2019ni makam\u0131nda ziyaret etti.  Ziyarete yar\u0131\u015fma tertip sorumlusu Feriha Day\u0131ba\u015f\u0131, DESOB Y\u00f6netim Kurulu \u00fcyesi Neriman Ceylan Sar\u0131soy ve yar\u0131\u015fmac\u0131lar\u0131n aileleri kat\u0131ld\u0131.<\/p>\n<p>Bu t\u00fcr organizasyonlar\u0131n ve yar\u0131\u015fmalar\u0131n \u00f6nemine de\u011finen Denizli Esnaf ve Sanatkarlar Odalar\u0131 Birli\u011fi Ba\u015fkan\u0131 Mehmet Ali Erbe\u011fi, &#8220;Hem ilimizin tan\u0131t\u0131lmas\u0131 hem de meslek i\u00e7in g\u00fczel yar\u0131\u015f\u0131n olmas\u0131ndan dolay\u0131 bu organizasyonlar \u00e7ok de\u011ferlidir. \u00dclkemizin bir\u00e7ok ilinden b\u00f6lgesinden gelen yar\u0131\u015fmac\u0131lar\u0131, j\u00fcri \u00fcyelerini a\u011f\u0131rlamak ve \u015fehrimizi tan\u0131tmaktan onur duyduk. Ayr\u0131ca meslek bu yar\u0131\u015flar ile hem yeni geli\u015fmelerin takip edilmesi hemd e sekt\u00f6r i\u00e7indeki tatl\u0131 rekabet sekt\u00f6r\u00fcn geli\u015fmesine b\u00fcy\u00fck \u00f6nem vermektedir. Eme\u011fi ge\u00e7enlere, kat\u0131l\u0131mc\u0131lara, destek olan herkese te\u015fekk\u00fcr ederiz&#8221; dedi.<br \/><\/p>\n","protected":false},"excerpt":{"rendered":"<p>Denizli\u2019de d\u00fczenlenen ve bir \u00e7ok ilden gelen yar\u0131\u015fmac\u0131lar\u0131n kat\u0131l\u0131m\u0131 ile ger\u00e7ekle\u015fen &#8220;Denizli\u2019nin Parlayan Y\u0131ld\u0131zlar\u0131&#8221; yar\u0131\u015fmas\u0131nda, dereceye giren yar\u0131\u015fmac\u0131lar, Denizli Esnaf ve Sanatkarlar Odalar\u0131 Birli\u011fi Ba\u015fkan\u0131 Mehmet Ali Erbe\u011fi ziyaret etti. &#8220;Denizli\u2019nin Parlayan Y\u0131ld\u0131zlar\u0131&#8221; yar\u0131\u015fmas\u0131nda t\u00fcrban kategorisi birincisi Nurcan K\u00f6sehan ve Makyaj kategorisinde \u00fc\u00e7\u00fcnc\u00fc olan Sevim Alk\u0131\u015f, Denizli Esnaf ve Sanatkarlar Odalar\u0131 Birli\u011fi Ba\u015fkan\u0131 Mehmet Ali&#8230;<\/p>\n","protected":false},"author":1,"featured_media":32263,"comment_status":"open","ping_status":"open","sticky":false,"template":"","format":"standard","meta":{"_crdt_document":"","footnotes":""},"categories":[1],"tags":[],"class_list":["post-32262","post","type-post","status-publish","format-standard","has-post-thumbnail","hentry","category-guncel"],"_links":{"self":[{"href":"https:\/\/www.egemtv.com\/index.php?rest_route=\/wp\/v2\/posts\/32262","targetHints":{"allow":["GET"]}}],"collection":[{"href":"https:\/\/www.egemtv.com\/index.php?rest_route=\/wp\/v2\/posts"}],"about":[{"href":"https:\/\/www.egemtv.com\/index.php?rest_route=\/wp\/v2\/types\/post"}],"author":[{"embeddable":true,"href":"https:\/\/www.egemtv.com\/index.php?rest_route=\/wp\/v2\/users\/1"}],"replies":[{"embeddable":true,"href":"https:\/\/www.egemtv.com\/index.php?rest_route=%2Fwp%2Fv2%2Fcomments&post=32262"}],"version-history":[{"count":1,"href":"https:\/\/www.egemtv.com\/index.php?rest_route=\/wp\/v2\/posts\/32262\/revisions"}],"predecessor-version":[{"id":32264,"href":"https:\/\/www.egemtv.com\/index.php?rest_route=\/wp\/v2\/posts\/32262\/revisions\/32264"}],"wp:featuredmedia":[{"embeddable":true,"href":"https:\/\/www.egemtv.com\/index.php?rest_route=\/wp\/v2\/media\/32263"}],"wp:attachment":[{"href":"https:\/\/www.egemtv.com\/index.php?rest_route=%2Fwp%2Fv2%2Fmedia&parent=32262"}],"wp:term":[{"taxonomy":"category","embeddable":true,"href":"https:\/\/www.egemtv.com\/index.php?rest_route=%2Fwp%2Fv2%2Fcategories&post=32262"},{"taxonomy":"post_tag","embeddable":true,"href":"https:\/\/www.egemtv.com\/index.php?rest_route=%2Fwp%2Fv2%2Ftags&post=32262"}],"curies":[{"name":"wp","href":"https:\/\/api.w.org\/{rel}","templated":true}]}}