{"id":32259,"date":"2025-05-29T16:17:08","date_gmt":"2025-05-29T13:17:08","guid":{"rendered":"https:\/\/www.egemtv.com\/?p=32259"},"modified":"2025-05-29T16:17:12","modified_gmt":"2025-05-29T13:17:12","slug":"manisada-motosiklet-minibusun-altinda-kaldi","status":"publish","type":"post","link":"https:\/\/www.egemtv.com\/?p=32259","title":{"rendered":"Manisa\u2019da motosiklet minib\u00fcs\u00fcn alt\u0131nda kald\u0131"},"content":{"rendered":"<p>Manisa\u2019n\u0131n Salihli il\u00e7esinde meydana gelen kazada motosiklet, minib\u00fcs\u00fcn alt\u0131nda kald\u0131. Motosiklet s\u00fcr\u00fcc\u00fcs\u00fc \u00f6l\u00fcmden d\u00f6nd\u00fc.<br \/>\n<br \/>Kaza, Salihli\u2019nin K\u00f6seali Mahallesi\u2019nde meydana geldi. Edinilen bilgiye g\u00f6re, O.A.(23) y\u00f6netimindeki 45 RL 061 plakal\u0131 minib\u00fcs ile kar\u015f\u0131 y\u00f6nden gelen Z.A. (52) y\u00f6netimindeki 45 ABV 616 plakal\u0131 motosiklet kafa kafaya \u00e7arp\u0131\u015ft\u0131. \u00c7arp\u0131\u015fma sonras\u0131 motosiklet, minib\u00fcs\u00fcn alt\u0131nda kal\u0131rken, motosiklet s\u00fcr\u00fcc\u00fcs\u00fc yaraland\u0131. \u0130hbar \u00fczerine kaza yerine sa\u011fl\u0131k ve jandarma ekibi sevk edildi. Yaral\u0131 s\u00fcr\u00fcc\u00fc olay yerinde yap\u0131lan ilk m\u00fcdahalenin ard\u0131ndan Salihli Devlet Hastanesine kald\u0131r\u0131ld\u0131.<br \/>\n<br \/>Kaza ile ilgili soru\u015fturma ba\u015flat\u0131l\u0131rken, yaral\u0131 s\u00fcr\u00fcc\u00fcn\u00fcn hayati tehlikesinin bulunmad\u0131\u011f\u0131 \u00f6\u011frenildi.<br \/><\/p>\n","protected":false},"excerpt":{"rendered":"<p>Manisa\u2019n\u0131n Salihli il\u00e7esinde meydana gelen kazada motosiklet, minib\u00fcs\u00fcn alt\u0131nda kald\u0131. Motosiklet s\u00fcr\u00fcc\u00fcs\u00fc \u00f6l\u00fcmden d\u00f6nd\u00fc. Kaza, Salihli\u2019nin K\u00f6seali Mahallesi\u2019nde meydana geldi. Edinilen bilgiye g\u00f6re, O.A.(23) y\u00f6netimindeki 45 RL 061 plakal\u0131 minib\u00fcs ile kar\u015f\u0131 y\u00f6nden gelen Z.A. (52) y\u00f6netimindeki 45 ABV 616 plakal\u0131 motosiklet kafa kafaya \u00e7arp\u0131\u015ft\u0131. \u00c7arp\u0131\u015fma sonras\u0131 motosiklet, minib\u00fcs\u00fcn alt\u0131nda kal\u0131rken, motosiklet s\u00fcr\u00fcc\u00fcs\u00fc yaraland\u0131. \u0130hbar&#8230;<\/p>\n","protected":false},"author":1,"featured_media":32260,"comment_status":"open","ping_status":"open","sticky":false,"template":"","format":"standard","meta":{"_crdt_document":"","footnotes":""},"categories":[5],"tags":[],"class_list":["post-32259","post","type-post","status-publish","format-standard","has-post-thumbnail","hentry","category-asayis"],"_links":{"self":[{"href":"https:\/\/www.egemtv.com\/index.php?rest_route=\/wp\/v2\/posts\/32259","targetHints":{"allow":["GET"]}}],"collection":[{"href":"https:\/\/www.egemtv.com\/index.php?rest_route=\/wp\/v2\/posts"}],"about":[{"href":"https:\/\/www.egemtv.com\/index.php?rest_route=\/wp\/v2\/types\/post"}],"author":[{"embeddable":true,"href":"https:\/\/www.egemtv.com\/index.php?rest_route=\/wp\/v2\/users\/1"}],"replies":[{"embeddable":true,"href":"https:\/\/www.egemtv.com\/index.php?rest_route=%2Fwp%2Fv2%2Fcomments&post=32259"}],"version-history":[{"count":1,"href":"https:\/\/www.egemtv.com\/index.php?rest_route=\/wp\/v2\/posts\/32259\/revisions"}],"predecessor-version":[{"id":32261,"href":"https:\/\/www.egemtv.com\/index.php?rest_route=\/wp\/v2\/posts\/32259\/revisions\/32261"}],"wp:featuredmedia":[{"embeddable":true,"href":"https:\/\/www.egemtv.com\/index.php?rest_route=\/wp\/v2\/media\/32260"}],"wp:attachment":[{"href":"https:\/\/www.egemtv.com\/index.php?rest_route=%2Fwp%2Fv2%2Fmedia&parent=32259"}],"wp:term":[{"taxonomy":"category","embeddable":true,"href":"https:\/\/www.egemtv.com\/index.php?rest_route=%2Fwp%2Fv2%2Fcategories&post=32259"},{"taxonomy":"post_tag","embeddable":true,"href":"https:\/\/www.egemtv.com\/index.php?rest_route=%2Fwp%2Fv2%2Ftags&post=32259"}],"curies":[{"name":"wp","href":"https:\/\/api.w.org\/{rel}","templated":true}]}}