{"id":32256,"date":"2025-05-29T15:57:35","date_gmt":"2025-05-29T12:57:35","guid":{"rendered":"https:\/\/www.egemtv.com\/?p=32256"},"modified":"2025-05-29T15:57:37","modified_gmt":"2025-05-29T12:57:37","slug":"kusadasi-kaymakamligindan-yaban-domuzu-uyarisi-evcil-hayvan-gibi-beslenmesi-yasaklandi","status":"publish","type":"post","link":"https:\/\/www.egemtv.com\/?p=32256","title":{"rendered":"Ku\u015fadas\u0131 Kaymakaml\u0131\u011f\u0131\u2019ndan yaban domuzu uyar\u0131s\u0131: &#8220;Evcil hayvan gibi beslenmesi yasakland\u0131&#8221;"},"content":{"rendered":"<p>Ku\u015fadas\u0131 Kaymakaml\u0131\u011f\u0131, b\u00f6lgede son d\u00f6nemlerde art\u0131\u015f g\u00f6steren yaban domuzu pop\u00fclasyonu ve bu hayvanlar\u0131n evcil gibi beslenmesiyle ilgili \u00f6nemli bir a\u00e7\u0131klama yay\u0131mlad\u0131. Hayvan Sa\u011fl\u0131\u011f\u0131 Zab\u0131tas\u0131 Komisyonu kararlar\u0131na dayan\u0131larak yap\u0131lan duyuruda, yaban domuzlar\u0131n\u0131n evcil hayvan gibi beslenmesinin yasakland\u0131\u011f\u0131 bildirildi.<br \/>\n<br \/>Yetkililer, do\u011faya ait olan bu hayvanlar\u0131n insan yerle\u015fimlerine yakla\u015fmalar\u0131n\u0131n hem insan hem de hayvan sa\u011fl\u0131\u011f\u0131 a\u00e7\u0131s\u0131ndan ciddi riskler bar\u0131nd\u0131rd\u0131\u011f\u0131n\u0131 vurgularken, vatanda\u015flar\u0131n 5199 Say\u0131l\u0131 Hayvanlar\u0131 Koruma Kanunu\u2019nun 28\/1-b maddesi uyar\u0131nca cezai i\u015flemle kar\u015f\u0131la\u015fabilece\u011fi belirtildi. Yasa\u011f\u0131 ihlal edenlere 6 bin 923 TL idari para cezas\u0131 uygulanacak.<br \/>\n<br \/>&#8220;Do\u011fal ya\u015fam\u0131n korunmas\u0131 i\u00e7in kurallara uyal\u0131m&#8221; \u00e7a\u011fr\u0131s\u0131yla sona eren a\u00e7\u0131klamada, \u00f6zellikle k\u0131rsal mahallelerde ya\u015fayan vatanda\u015flar\u0131n duyarl\u0131 olmalar\u0131, yaban hayvanlar\u0131n\u0131 beslememeleri ve belediye ya da Tar\u0131m \u0130l\u00e7e M\u00fcd\u00fcrl\u00fc\u011f\u00fc ile i\u015f birli\u011fi yapmalar\u0131 istendi. Ku\u015fadas\u0131\u2019nda son y\u0131llarda ormanl\u0131k alanlara yak\u0131n b\u00f6lgelerde yiyecek arayan yaban domuzlar\u0131n\u0131n zaman zaman yerle\u015fim alanlar\u0131na indi\u011fi g\u00f6zlemlenmi\u015fti. Yetkililer, bu hayvanlar\u0131n do\u011fal dengenin bir par\u00e7as\u0131 oldu\u011funu ancak beslenerek evcille\u015ftirilmesinin ciddi sonu\u00e7lar do\u011furabilece\u011fini ifade etti.<br \/><\/p>\n","protected":false},"excerpt":{"rendered":"<p>Ku\u015fadas\u0131 Kaymakaml\u0131\u011f\u0131, b\u00f6lgede son d\u00f6nemlerde art\u0131\u015f g\u00f6steren yaban domuzu pop\u00fclasyonu ve bu hayvanlar\u0131n evcil gibi beslenmesiyle ilgili \u00f6nemli bir a\u00e7\u0131klama yay\u0131mlad\u0131. Hayvan Sa\u011fl\u0131\u011f\u0131 Zab\u0131tas\u0131 Komisyonu kararlar\u0131na dayan\u0131larak yap\u0131lan duyuruda, yaban domuzlar\u0131n\u0131n evcil hayvan gibi beslenmesinin yasakland\u0131\u011f\u0131 bildirildi. Yetkililer, do\u011faya ait olan bu hayvanlar\u0131n insan yerle\u015fimlerine yakla\u015fmalar\u0131n\u0131n hem insan hem de hayvan sa\u011fl\u0131\u011f\u0131 a\u00e7\u0131s\u0131ndan ciddi riskler&#8230;<\/p>\n","protected":false},"author":1,"featured_media":32257,"comment_status":"open","ping_status":"open","sticky":false,"template":"","format":"standard","meta":{"_crdt_document":"","footnotes":""},"categories":[1],"tags":[],"class_list":["post-32256","post","type-post","status-publish","format-standard","has-post-thumbnail","hentry","category-guncel"],"_links":{"self":[{"href":"https:\/\/www.egemtv.com\/index.php?rest_route=\/wp\/v2\/posts\/32256","targetHints":{"allow":["GET"]}}],"collection":[{"href":"https:\/\/www.egemtv.com\/index.php?rest_route=\/wp\/v2\/posts"}],"about":[{"href":"https:\/\/www.egemtv.com\/index.php?rest_route=\/wp\/v2\/types\/post"}],"author":[{"embeddable":true,"href":"https:\/\/www.egemtv.com\/index.php?rest_route=\/wp\/v2\/users\/1"}],"replies":[{"embeddable":true,"href":"https:\/\/www.egemtv.com\/index.php?rest_route=%2Fwp%2Fv2%2Fcomments&post=32256"}],"version-history":[{"count":1,"href":"https:\/\/www.egemtv.com\/index.php?rest_route=\/wp\/v2\/posts\/32256\/revisions"}],"predecessor-version":[{"id":32258,"href":"https:\/\/www.egemtv.com\/index.php?rest_route=\/wp\/v2\/posts\/32256\/revisions\/32258"}],"wp:featuredmedia":[{"embeddable":true,"href":"https:\/\/www.egemtv.com\/index.php?rest_route=\/wp\/v2\/media\/32257"}],"wp:attachment":[{"href":"https:\/\/www.egemtv.com\/index.php?rest_route=%2Fwp%2Fv2%2Fmedia&parent=32256"}],"wp:term":[{"taxonomy":"category","embeddable":true,"href":"https:\/\/www.egemtv.com\/index.php?rest_route=%2Fwp%2Fv2%2Fcategories&post=32256"},{"taxonomy":"post_tag","embeddable":true,"href":"https:\/\/www.egemtv.com\/index.php?rest_route=%2Fwp%2Fv2%2Ftags&post=32256"}],"curies":[{"name":"wp","href":"https:\/\/api.w.org\/{rel}","templated":true}]}}