{"id":32253,"date":"2025-05-29T15:36:22","date_gmt":"2025-05-29T12:36:22","guid":{"rendered":"https:\/\/www.egemtv.com\/?p=32253"},"modified":"2025-05-29T15:36:26","modified_gmt":"2025-05-29T12:36:26","slug":"minik-enesin-olumune-sebep-olan-surucu-tutuklandi","status":"publish","type":"post","link":"https:\/\/www.egemtv.com\/?p=32253","title":{"rendered":"Minik Enes\u2019in \u00f6l\u00fcm\u00fcne sebep olan s\u00fcr\u00fcc\u00fc tutukland\u0131"},"content":{"rendered":"<p>Ayd\u0131n\u2019\u0131n Efeler il\u00e7esinde 4 ya\u015f\u0131ndaki Enes \u00c7elebi\u2019yi kulland\u0131\u011f\u0131 kamyonetle geri manevra yaparken ezen s\u00fcr\u00fcc\u00fc M.\u00d6. sevk edildi\u011fi adliyede mahkeme taraf\u0131ndan tutuklanarak ceza evine g\u00f6nderildi.<\/p>\n<p>Olay, Efeler il\u00e7esi Kocag\u00fcr Mahallesi\u2019nde d\u00fcn saat 17.30 s\u0131ralar\u0131nda meydana geldi. Edinilen bilgiye g\u00f6re kamyonetin alt\u0131nda kalan ve a\u011f\u0131r \u015fekilde yaralanan 4 ya\u015f\u0131ndaki Enes \u00c7elebi ambulansla Ayd\u0131n Adnan Menderes \u00dcniversitesi Hastanesi\u2019ne kald\u0131r\u0131ld\u0131. Minik Enes burada yap\u0131lan t\u00fcm m\u00fcdahalelere ra\u011fmen hayat\u0131n\u0131 kaybetti. Ac\u0131 haberi alan ba\u015fta ailesi olmak \u00fczere yak\u0131nlar\u0131 hastaneye ak\u0131n etti. \u00c7ocu\u011fun yak\u0131nlar\u0131 hastane \u00f6n\u00fcnde sinir krizi ge\u00e7irdi. Olaydan sonra yakalanan s\u00fcr\u00fcc\u00fc M.\u00d6. sevk edildi\u011fi adliyede tutuklanarak cezaevine g\u00f6nderildi.<br \/><\/p>\n","protected":false},"excerpt":{"rendered":"<p>Ayd\u0131n\u2019\u0131n Efeler il\u00e7esinde 4 ya\u015f\u0131ndaki Enes \u00c7elebi\u2019yi kulland\u0131\u011f\u0131 kamyonetle geri manevra yaparken ezen s\u00fcr\u00fcc\u00fc M.\u00d6. sevk edildi\u011fi adliyede mahkeme taraf\u0131ndan tutuklanarak ceza evine g\u00f6nderildi. Olay, Efeler il\u00e7esi Kocag\u00fcr Mahallesi\u2019nde d\u00fcn saat 17.30 s\u0131ralar\u0131nda meydana geldi. Edinilen bilgiye g\u00f6re kamyonetin alt\u0131nda kalan ve a\u011f\u0131r \u015fekilde yaralanan 4 ya\u015f\u0131ndaki Enes \u00c7elebi ambulansla Ayd\u0131n Adnan Menderes \u00dcniversitesi Hastanesi\u2019ne&#8230;<\/p>\n","protected":false},"author":1,"featured_media":32254,"comment_status":"open","ping_status":"open","sticky":false,"template":"","format":"standard","meta":{"_crdt_document":"","footnotes":""},"categories":[5],"tags":[],"class_list":["post-32253","post","type-post","status-publish","format-standard","has-post-thumbnail","hentry","category-asayis"],"_links":{"self":[{"href":"https:\/\/www.egemtv.com\/index.php?rest_route=\/wp\/v2\/posts\/32253","targetHints":{"allow":["GET"]}}],"collection":[{"href":"https:\/\/www.egemtv.com\/index.php?rest_route=\/wp\/v2\/posts"}],"about":[{"href":"https:\/\/www.egemtv.com\/index.php?rest_route=\/wp\/v2\/types\/post"}],"author":[{"embeddable":true,"href":"https:\/\/www.egemtv.com\/index.php?rest_route=\/wp\/v2\/users\/1"}],"replies":[{"embeddable":true,"href":"https:\/\/www.egemtv.com\/index.php?rest_route=%2Fwp%2Fv2%2Fcomments&post=32253"}],"version-history":[{"count":1,"href":"https:\/\/www.egemtv.com\/index.php?rest_route=\/wp\/v2\/posts\/32253\/revisions"}],"predecessor-version":[{"id":32255,"href":"https:\/\/www.egemtv.com\/index.php?rest_route=\/wp\/v2\/posts\/32253\/revisions\/32255"}],"wp:featuredmedia":[{"embeddable":true,"href":"https:\/\/www.egemtv.com\/index.php?rest_route=\/wp\/v2\/media\/32254"}],"wp:attachment":[{"href":"https:\/\/www.egemtv.com\/index.php?rest_route=%2Fwp%2Fv2%2Fmedia&parent=32253"}],"wp:term":[{"taxonomy":"category","embeddable":true,"href":"https:\/\/www.egemtv.com\/index.php?rest_route=%2Fwp%2Fv2%2Fcategories&post=32253"},{"taxonomy":"post_tag","embeddable":true,"href":"https:\/\/www.egemtv.com\/index.php?rest_route=%2Fwp%2Fv2%2Ftags&post=32253"}],"curies":[{"name":"wp","href":"https:\/\/api.w.org\/{rel}","templated":true}]}}