{"id":32220,"date":"2025-05-29T13:57:15","date_gmt":"2025-05-29T10:57:15","guid":{"rendered":"https:\/\/www.egemtv.com\/?p=32220"},"modified":"2025-05-29T13:57:21","modified_gmt":"2025-05-29T10:57:21","slug":"dort-yasindaki-enesin-olumunu-lastik-ve-kaputtaki-kan-izleri-aydinlatti","status":"publish","type":"post","link":"https:\/\/www.egemtv.com\/?p=32220","title":{"rendered":"D\u00f6rt ya\u015f\u0131ndaki Enes\u2019in \u00f6l\u00fcm\u00fcn\u00fc lastik ve kaputtaki kan izleri ayd\u0131nlatt\u0131"},"content":{"rendered":"<p>Ayd\u0131n\u2019\u0131n Efeler il\u00e7esinde hastanede hayat\u0131n\u0131 kaybeden 4 ya\u015f\u0131ndaki Enes \u00c7elebi\u2019nin \u00f6l\u00fcm\u00fcyle ilgili jandarma ekipleri yapt\u0131klar\u0131 incelemede ara\u00e7 lasti\u011fi ve kaputtaki kan izlerinden yola \u00e7\u0131karak \u00e7ocu\u011fun kamyonetten d\u00fc\u015fmedi\u011fini, geri manevra yapan arac\u0131n alt\u0131nda kalarak hayat\u0131n\u0131 kaybetti\u011fini tespit etti. G\u00f6zalt\u0131na al\u0131nan kamyonet s\u00fcr\u00fcc\u00fcs\u00fc i\u015flemlerinin ard\u0131ndan adliyeye sevk edildi.<\/p>\n<p>Olay, Efeler il\u00e7esi Kocag\u00fcr Mahallesi\u2019nde d\u00fcn saat 17.30 s\u0131ralar\u0131nda meydana geldi. Edinilen bilgiye g\u00f6re kamyonetten d\u00fc\u015ft\u00fc\u011f\u00fc iddia edilen 4 ya\u015f\u0131ndaki Enes \u00c7elebi ambulansla Ayd\u0131n Adnan Menderes \u00dcniversitesi Hastanesi\u2019ne kald\u0131r\u0131ld\u0131. Minik Enes burada yap\u0131lan t\u00fcm m\u00fcdahalelere ra\u011fmen hayat\u0131n\u0131 kaybetti. Ac\u0131 haberi alan ba\u015fta ailesi olmak \u00fczere yak\u0131nlar\u0131 hastaneye ak\u0131n etti. \u00c7ocu\u011fun yak\u0131nlar\u0131 hastane \u00f6n\u00fcnde sinir krizi ge\u00e7irdi.<\/p>\n<p>&#8220;Lastikte ve kaputta kan izleri tespit edildi&#8221;<br \/>\n<br \/>Ayd\u0131n \u0130l Jandarma Komutanl\u0131\u011f\u0131 Olay Yeri \u0130nceleme Timi taraf\u0131ndan (OY\u0130) olay yerinde ve otopsi incelemesinde olay\u0131n d\u00fc\u015fme olay\u0131 olmad\u0131\u011f\u0131 \u00fczerinde duruldu. Ayd\u0131n Cumhuriyet Ba\u015fsavc\u0131l\u0131\u011f\u0131 koordinesinde Ayd\u0131n \u0130l Jandarma Komutanl\u0131\u011f\u0131 JASAT, Olay Yeri \u0130nceleme Timi, Efeler \u0130lce Jandarma Komutanl\u0131\u011f\u0131 JASAT ve Merkez Jandarma Karakol Komutanl\u0131\u011f\u0131nca meydana gelen olay ile ilgili soru\u015fturma ba\u015flat\u0131ld\u0131. Olay yerinde ve \u00e7evresinde yap\u0131lan ara\u015ft\u0131rma sonucu M.\u00d6.(37) isimli \u015f\u00fcphelinin 09 DL 053 plakal\u0131 ara\u00e7 ile Enes \u00c7elebi isimli \u00e7ocu\u011fu geri manevra yaparken ezdi\u011fi bilgisine ula\u015f\u0131ld\u0131. \u015e\u00fcphelinin yap\u0131lan kamera incelemesi sonucunda olay saatinde b\u00f6lgede oldu\u011fu ve ara\u00e7ta yap\u0131lan incelemede lastik ve \u00f6n kaput b\u00f6l\u00fcm\u00fcnde kan izleri tespit edildi.<\/p>\n<p>&#8220;Ara\u00e7 s\u00fcr\u00fcc\u00fcs\u00fc adliyeye sevk edildi&#8221;<br \/>\n<br \/>\u015e\u00fcpheli M.\u00d6. jandarma ekipleri taraf\u0131ndan yakalanarak, al\u0131nan ifadesinde su\u00e7unu kabul etti. Jandarmadaki i\u015flemleri tamamlanan \u015f\u00fcpheli M.\u00d6. g\u00fcvenlik \u00f6nlemleri kapsam\u0131nda adliyeye sevk edildi.<br \/><\/p>\n","protected":false},"excerpt":{"rendered":"<p>Ayd\u0131n\u2019\u0131n Efeler il\u00e7esinde hastanede hayat\u0131n\u0131 kaybeden 4 ya\u015f\u0131ndaki Enes \u00c7elebi\u2019nin \u00f6l\u00fcm\u00fcyle ilgili jandarma ekipleri yapt\u0131klar\u0131 incelemede ara\u00e7 lasti\u011fi ve kaputtaki kan izlerinden yola \u00e7\u0131karak \u00e7ocu\u011fun kamyonetten d\u00fc\u015fmedi\u011fini, geri manevra yapan arac\u0131n alt\u0131nda kalarak hayat\u0131n\u0131 kaybetti\u011fini tespit etti. G\u00f6zalt\u0131na al\u0131nan kamyonet s\u00fcr\u00fcc\u00fcs\u00fc i\u015flemlerinin ard\u0131ndan adliyeye sevk edildi. Olay, Efeler il\u00e7esi Kocag\u00fcr Mahallesi\u2019nde d\u00fcn saat 17.30 s\u0131ralar\u0131nda&#8230;<\/p>\n","protected":false},"author":1,"featured_media":32221,"comment_status":"open","ping_status":"open","sticky":false,"template":"","format":"standard","meta":{"_crdt_document":"","footnotes":""},"categories":[5],"tags":[],"class_list":["post-32220","post","type-post","status-publish","format-standard","has-post-thumbnail","hentry","category-asayis"],"_links":{"self":[{"href":"https:\/\/www.egemtv.com\/index.php?rest_route=\/wp\/v2\/posts\/32220","targetHints":{"allow":["GET"]}}],"collection":[{"href":"https:\/\/www.egemtv.com\/index.php?rest_route=\/wp\/v2\/posts"}],"about":[{"href":"https:\/\/www.egemtv.com\/index.php?rest_route=\/wp\/v2\/types\/post"}],"author":[{"embeddable":true,"href":"https:\/\/www.egemtv.com\/index.php?rest_route=\/wp\/v2\/users\/1"}],"replies":[{"embeddable":true,"href":"https:\/\/www.egemtv.com\/index.php?rest_route=%2Fwp%2Fv2%2Fcomments&post=32220"}],"version-history":[{"count":1,"href":"https:\/\/www.egemtv.com\/index.php?rest_route=\/wp\/v2\/posts\/32220\/revisions"}],"predecessor-version":[{"id":32222,"href":"https:\/\/www.egemtv.com\/index.php?rest_route=\/wp\/v2\/posts\/32220\/revisions\/32222"}],"wp:featuredmedia":[{"embeddable":true,"href":"https:\/\/www.egemtv.com\/index.php?rest_route=\/wp\/v2\/media\/32221"}],"wp:attachment":[{"href":"https:\/\/www.egemtv.com\/index.php?rest_route=%2Fwp%2Fv2%2Fmedia&parent=32220"}],"wp:term":[{"taxonomy":"category","embeddable":true,"href":"https:\/\/www.egemtv.com\/index.php?rest_route=%2Fwp%2Fv2%2Fcategories&post=32220"},{"taxonomy":"post_tag","embeddable":true,"href":"https:\/\/www.egemtv.com\/index.php?rest_route=%2Fwp%2Fv2%2Ftags&post=32220"}],"curies":[{"name":"wp","href":"https:\/\/api.w.org\/{rel}","templated":true}]}}