{"id":32217,"date":"2025-05-29T13:57:10","date_gmt":"2025-05-29T10:57:10","guid":{"rendered":"https:\/\/www.egemtv.com\/?p=32217"},"modified":"2025-05-29T13:57:15","modified_gmt":"2025-05-29T10:57:15","slug":"kusadasi-otellerinde-kurban-bayrami-hareketliligi","status":"publish","type":"post","link":"https:\/\/www.egemtv.com\/?p=32217","title":{"rendered":"Ku\u015fadas\u0131 otellerinde Kurban Bayram\u0131 hareketlili\u011fi"},"content":{"rendered":"<p>Ayd\u0131n\u2019\u0131n turistik il\u00e7esi Ku\u015fadas\u0131\u2019nda, bayram tatiline say\u0131l\u0131 g\u00fcnler kala, otel rezervasyonlar\u0131ndaki doluluk oran\u0131, y\u00fczde 85\u2019e ula\u015ft\u0131. Bayramda doluluk oran\u0131n y\u00fczde 100\u2019e ula\u015fmas\u0131 bekleniyor.<br \/>\n<br \/>T\u00fcrkiye\u2019nin \u00f6nemli turizm merkezlerinden Ku\u015fadas\u0131\u2019nda, yakla\u015fan Kurban Bayram\u0131 tatili \u00f6ncesi  otellerin rezervasyonlar\u0131ndaki doluluk oran\u0131, y\u00fczde 85\u2019e ula\u015ft\u0131. \u00d6zellikle \u0130stanbul, Ankara, \u0130zmir ve Bursa\u2019da ya\u015fayan yerli misafirlerin, bayram tatili i\u00e7in Ku\u015fadas\u0131\u2019n\u0131 tercih etti\u011fi belirtildi. Ku\u015fadas\u0131\u2019nda \u2018oda kahvalt\u0131\u2019 ve \u2019her \u015fey dahil\u2019 sistemi ile \u00e7al\u0131\u015fan otellerde, gecelik en d\u00fc\u015f\u00fck konaklama fiyat\u0131 1500 ile 10 bin lira aras\u0131nda de\u011fi\u015fiyor.<br \/>\n<br \/>Bayram tatili i\u00e7in Ku\u015fadas\u0131\u2019n\u0131 tercih edeceklere s\u0131k\u0131nt\u0131 ya\u015famamalar\u0131 i\u00e7in erken rezervasyon yapt\u0131rmalar\u0131n\u0131 tavsiye eden T\u00dcROFED Ba\u015fkan Yard\u0131mc\u0131s\u0131 \u00d6zden, &#8220;Ku\u015fadas\u0131\u2019ndaki otellerimizde \u015fu an doluluk oranlar\u0131 y\u00fczde 85\u2019lerde. Bu rakam\u0131n tatil ba\u015flayana kadar y\u00fczde 95\u2019lere \u00e7\u0131kmas\u0131n\u0131 bekliyoruz. Ayr\u0131ca il\u00e7emize yabanc\u0131 turistler de gelmeye ba\u015flad\u0131\u011f\u0131 i\u00e7in tatilciler e\u011fer son dakikaya kal\u0131rlarsa oda bulmakta zorlan\u0131p, y\u00fcksek fiyattan hizmet sat\u0131n almak zorunda kalacaklar&#8221; dedi.<br \/>\n<br \/>Kurban Bayram\u0131 tatili boyunca yazl\u0131k\u00e7\u0131lar ve g\u00fcn\u00fc birlik ziyaret\u00e7ilerle birlikte Ku\u015fadas\u0131\u2019n\u0131n n\u00fcfusunun 1,5 milyonu bulaca\u011f\u0131n\u0131 belirten \u00d6zden, &#8220;Turizmciler olarak bu ilgi bizi gayet memnun edecek. \u0130l\u00e7emizde ya\u015fanan hareket esnafa da yans\u0131yacak. Genel olarak bakt\u0131\u011f\u0131m\u0131zda 2025 y\u0131l\u0131 turizm sezonundan da umutluyuz. May\u0131s ay\u0131 biraz zay\u0131f ge\u00e7mesine ra\u011fmen y\u00fcksek sezon olarak adland\u0131rd\u0131\u011f\u0131m\u0131z Haziran, Temmuz ve A\u011fustos aylar\u0131nda otellerde doluluk oranlar\u0131 y\u00fcksek olacak. Ku\u015fadas\u0131 her \u015feyiyle yaz sezonuna haz\u0131r. Herkesi kentimize bekliyoruz&#8221; diye konu\u015ftu.<br \/><\/p>\n","protected":false},"excerpt":{"rendered":"<p>Ayd\u0131n\u2019\u0131n turistik il\u00e7esi Ku\u015fadas\u0131\u2019nda, bayram tatiline say\u0131l\u0131 g\u00fcnler kala, otel rezervasyonlar\u0131ndaki doluluk oran\u0131, y\u00fczde 85\u2019e ula\u015ft\u0131. Bayramda doluluk oran\u0131n y\u00fczde 100\u2019e ula\u015fmas\u0131 bekleniyor. T\u00fcrkiye\u2019nin \u00f6nemli turizm merkezlerinden Ku\u015fadas\u0131\u2019nda, yakla\u015fan Kurban Bayram\u0131 tatili \u00f6ncesi otellerin rezervasyonlar\u0131ndaki doluluk oran\u0131, y\u00fczde 85\u2019e ula\u015ft\u0131. \u00d6zellikle \u0130stanbul, Ankara, \u0130zmir ve Bursa\u2019da ya\u015fayan yerli misafirlerin, bayram tatili i\u00e7in Ku\u015fadas\u0131\u2019n\u0131 tercih etti\u011fi&#8230;<\/p>\n","protected":false},"author":1,"featured_media":32218,"comment_status":"open","ping_status":"open","sticky":false,"template":"","format":"standard","meta":{"_crdt_document":"","footnotes":""},"categories":[125],"tags":[],"class_list":["post-32217","post","type-post","status-publish","format-standard","has-post-thumbnail","hentry","category-ekonomi"],"_links":{"self":[{"href":"https:\/\/www.egemtv.com\/index.php?rest_route=\/wp\/v2\/posts\/32217","targetHints":{"allow":["GET"]}}],"collection":[{"href":"https:\/\/www.egemtv.com\/index.php?rest_route=\/wp\/v2\/posts"}],"about":[{"href":"https:\/\/www.egemtv.com\/index.php?rest_route=\/wp\/v2\/types\/post"}],"author":[{"embeddable":true,"href":"https:\/\/www.egemtv.com\/index.php?rest_route=\/wp\/v2\/users\/1"}],"replies":[{"embeddable":true,"href":"https:\/\/www.egemtv.com\/index.php?rest_route=%2Fwp%2Fv2%2Fcomments&post=32217"}],"version-history":[{"count":1,"href":"https:\/\/www.egemtv.com\/index.php?rest_route=\/wp\/v2\/posts\/32217\/revisions"}],"predecessor-version":[{"id":32219,"href":"https:\/\/www.egemtv.com\/index.php?rest_route=\/wp\/v2\/posts\/32217\/revisions\/32219"}],"wp:featuredmedia":[{"embeddable":true,"href":"https:\/\/www.egemtv.com\/index.php?rest_route=\/wp\/v2\/media\/32218"}],"wp:attachment":[{"href":"https:\/\/www.egemtv.com\/index.php?rest_route=%2Fwp%2Fv2%2Fmedia&parent=32217"}],"wp:term":[{"taxonomy":"category","embeddable":true,"href":"https:\/\/www.egemtv.com\/index.php?rest_route=%2Fwp%2Fv2%2Fcategories&post=32217"},{"taxonomy":"post_tag","embeddable":true,"href":"https:\/\/www.egemtv.com\/index.php?rest_route=%2Fwp%2Fv2%2Ftags&post=32217"}],"curies":[{"name":"wp","href":"https:\/\/api.w.org\/{rel}","templated":true}]}}