{"id":32214,"date":"2025-05-29T13:57:05","date_gmt":"2025-05-29T10:57:05","guid":{"rendered":"https:\/\/www.egemtv.com\/?p=32214"},"modified":"2025-05-29T13:57:10","modified_gmt":"2025-05-29T10:57:10","slug":"mentese-belediyesi-60-bin-fide-dagitti","status":"publish","type":"post","link":"https:\/\/www.egemtv.com\/?p=32214","title":{"rendered":"Mente\u015fe Belediyesi 60 bin fide da\u011f\u0131tt\u0131"},"content":{"rendered":"<p>Mente\u015fe Belediyesi, yerli \u00fcretimi ve ata tohumlar\u0131n\u0131 te\u015fvik etmek amac\u0131yla Kur\u015funlu Meydan\u0131\u2019nda vatanda\u015flara domates, biber ve patl\u0131can fideleri da\u011f\u0131tt\u0131.<\/p>\n<p>Mente\u015fe Belediyesi taraf\u0131ndan Ata tohumlar\u0131ndan \u00fcretilen 60 bin adet domates, biber ve patl\u0131can fideleri vatanda\u015flara \u00fccretsiz olarak da\u011f\u0131t\u0131m\u0131 yap\u0131ld\u0131. Vatanda\u015flar fide da\u011f\u0131t\u0131m\u0131na yo\u011fun ilgi g\u00f6sterdi.<\/p>\n<p>Mente\u015fe Belediye Ba\u015fkan\u0131 Gonca K\u00f6ksal Aras, da\u011f\u0131t\u0131m yap\u0131lan stantlar\u0131 ziyaret etti ve yapt\u0131\u011f\u0131 a\u00e7\u0131klamada \u015funlar\u0131 s\u00f6yledi: &#8220;Bug\u00fcn burada Mente\u015femizin tam kalbinde, Kur\u015funlu Meydan\u0131\u2019nda ata tohumlar\u0131ndan yeti\u015ftirdi\u011fimiz fidelerimizi vatanda\u015flar\u0131m\u0131zla payla\u015f\u0131yoruz. Asl\u0131nda bu, ge\u00e7ti\u011fimiz zor zamanlardan sonra hepimize moral veren bir etkinlik. Biliyorsunuz ekonomik olarak zorlu bir d\u00f6nemden ge\u00e7iyoruz. Ancak k\u00fc\u00e7\u00fcc\u00fck de olsa tar\u0131m bizim i\u00e7in \u00e7ok k\u0131ymetli&#8221;<\/p>\n<p>Tar\u0131mda \u00fcretimin ve yerel tohumlar\u0131n \u00f6nemine vurgu yapan Ba\u015fkan Aras, Mente\u015fe\u2019nin geni\u015f k\u0131rsal alanlara sahip oldu\u011funu hat\u0131rlatarak, &#8220;Mente\u015femizde \u00e7ok ciddi bir co\u011frafyaya, \u00e7ok b\u00fcy\u00fck bir alana sahibiz. 66 mahallemiz var ve bunlar\u0131n b\u00fcy\u00fck k\u0131sm\u0131 k\u0131rsalda. K\u0131rsal destekler vatanda\u015flar\u0131m\u0131z i\u00e7in \u00e7ok \u00f6nemli. \u0130nan\u0131n, ar\u0131c\u0131l\u0131ktan tutun tar\u0131m\u0131n her alan\u0131nda elimizden geleni yap\u0131yoruz&#8221; dedi.<\/p>\n<p>Ba\u015fkan Aras, Ortak\u00f6y Mahallesi\u2019nde bulunan belediyeye ait \u00fcretim seralar\u0131nda yeti\u015ftirilen fidelerin yaln\u0131zca de\u011fi\u015f toku\u015f ve payla\u015f\u0131m yoluyla da\u011f\u0131t\u0131ld\u0131\u011f\u0131n\u0131 belirterek, &#8220;Ortak\u00f6y\u2019de \u00fcretim seralar\u0131m\u0131z var. Bu seralarda ata tohumlar\u0131m\u0131zdan \u00fcretti\u011fimiz domates, biber ve patl\u0131can fidelerini da\u011f\u0131t\u0131yoruz. Ata tohumlar\u0131m\u0131z\u0131 biliyorsunuz, yasalar gere\u011fi satam\u0131yoruz. Ancak de\u011fi\u015f toku\u015f yapabiliyor ya da \u00fcretip elde etti\u011fimiz fideleri halk\u0131m\u0131zla payla\u015f\u0131yoruz&#8221; diye konu\u015ftu.<\/p>\n<p>Kur\u015funlu Meydan\u0131\u2019ndaki etkinlikte yo\u011fun ilgi g\u00f6ren fide da\u011f\u0131t\u0131m\u0131nda y\u00fczlerce vatanda\u015f belediye taraf\u0131ndan haz\u0131rlanan stantlara ak\u0131n etti. Ba\u015fkan Aras, g\u00f6sterilen ilgiden duydu\u011fu memnuniyeti dile getirerek: &#8220;G\u00f6rd\u00fc\u011f\u00fcn\u00fcz gibi ciddi anlamda bir ilgi var, bir hayli da\u011f\u0131t\u0131m yapt\u0131k ve da\u011f\u0131t\u0131m devam ediyor. \u00c7ok te\u015fekk\u00fcr ederiz&#8221; a\u00e7\u0131klamas\u0131nda bulundu.<\/p>\n<p>Etkinlikte konu\u015fan Mente\u015fe Belediye Ba\u015fkan\u0131 Gonca K\u00f6ksal Aras da, yerli \u00fcretimin ve k\u0131rsal kalk\u0131nman\u0131n \u00f6nemine dikkat \u00e7ekti.<br \/><\/p>\n","protected":false},"excerpt":{"rendered":"<p>Mente\u015fe Belediyesi, yerli \u00fcretimi ve ata tohumlar\u0131n\u0131 te\u015fvik etmek amac\u0131yla Kur\u015funlu Meydan\u0131\u2019nda vatanda\u015flara domates, biber ve patl\u0131can fideleri da\u011f\u0131tt\u0131. Mente\u015fe Belediyesi taraf\u0131ndan Ata tohumlar\u0131ndan \u00fcretilen 60 bin adet domates, biber ve patl\u0131can fideleri vatanda\u015flara \u00fccretsiz olarak da\u011f\u0131t\u0131m\u0131 yap\u0131ld\u0131. Vatanda\u015flar fide da\u011f\u0131t\u0131m\u0131na yo\u011fun ilgi g\u00f6sterdi. Mente\u015fe Belediye Ba\u015fkan\u0131 Gonca K\u00f6ksal Aras, da\u011f\u0131t\u0131m yap\u0131lan stantlar\u0131 ziyaret etti&#8230;<\/p>\n","protected":false},"author":1,"featured_media":32215,"comment_status":"open","ping_status":"open","sticky":false,"template":"","format":"standard","meta":{"_crdt_document":"","footnotes":""},"categories":[1],"tags":[],"class_list":["post-32214","post","type-post","status-publish","format-standard","has-post-thumbnail","hentry","category-guncel"],"_links":{"self":[{"href":"https:\/\/www.egemtv.com\/index.php?rest_route=\/wp\/v2\/posts\/32214","targetHints":{"allow":["GET"]}}],"collection":[{"href":"https:\/\/www.egemtv.com\/index.php?rest_route=\/wp\/v2\/posts"}],"about":[{"href":"https:\/\/www.egemtv.com\/index.php?rest_route=\/wp\/v2\/types\/post"}],"author":[{"embeddable":true,"href":"https:\/\/www.egemtv.com\/index.php?rest_route=\/wp\/v2\/users\/1"}],"replies":[{"embeddable":true,"href":"https:\/\/www.egemtv.com\/index.php?rest_route=%2Fwp%2Fv2%2Fcomments&post=32214"}],"version-history":[{"count":1,"href":"https:\/\/www.egemtv.com\/index.php?rest_route=\/wp\/v2\/posts\/32214\/revisions"}],"predecessor-version":[{"id":32216,"href":"https:\/\/www.egemtv.com\/index.php?rest_route=\/wp\/v2\/posts\/32214\/revisions\/32216"}],"wp:featuredmedia":[{"embeddable":true,"href":"https:\/\/www.egemtv.com\/index.php?rest_route=\/wp\/v2\/media\/32215"}],"wp:attachment":[{"href":"https:\/\/www.egemtv.com\/index.php?rest_route=%2Fwp%2Fv2%2Fmedia&parent=32214"}],"wp:term":[{"taxonomy":"category","embeddable":true,"href":"https:\/\/www.egemtv.com\/index.php?rest_route=%2Fwp%2Fv2%2Fcategories&post=32214"},{"taxonomy":"post_tag","embeddable":true,"href":"https:\/\/www.egemtv.com\/index.php?rest_route=%2Fwp%2Fv2%2Ftags&post=32214"}],"curies":[{"name":"wp","href":"https:\/\/api.w.org\/{rel}","templated":true}]}}