{"id":32211,"date":"2025-05-29T13:36:23","date_gmt":"2025-05-29T10:36:23","guid":{"rendered":"https:\/\/www.egemtv.com\/?p=32211"},"modified":"2025-05-29T13:36:24","modified_gmt":"2025-05-29T10:36:24","slug":"kovada-golunde-kacak-avcilara-176-bin-tl-ceza-uygulandi-ekipmanlara-el-konuldu","status":"publish","type":"post","link":"https:\/\/www.egemtv.com\/?p=32211","title":{"rendered":"Kovada G\u00f6l\u00fc\u2019nde ka\u00e7ak avc\u0131lara 176 bin TL ceza uyguland\u0131, ekipmanlara el konuldu"},"content":{"rendered":"<p>Isparta \u0130l Tar\u0131m ve Orman M\u00fcd\u00fcrl\u00fc\u011f\u00fc ile E\u011firdir Jandarma Asayi\u015f Bot Komutanl\u0131\u011f\u0131 ekipleri, Kovada G\u00f6l\u00fc\u2019nde ka\u00e7ak avc\u0131l\u0131k yapan \u015fah\u0131slara toplam 176 bin 750 TL idari para cezas\u0131 uygulad\u0131. Yasad\u0131\u015f\u0131 avc\u0131l\u0131kta kullan\u0131lan tekne ve a\u011flara el konuldu, sazan bal\u0131klar\u0131 canl\u0131 olarak g\u00f6le iade edildi.<br \/>\n<br \/>Isparta \u0130l Tar\u0131m ve Orman M\u00fcd\u00fcrl\u00fc\u011f\u00fc ile E\u011firdir Jandarma Asayi\u015f Bot Komutanl\u0131\u011f\u0131 ekipleri, bug\u00fcn sabah saatlerinde gelen ihbar \u00fczerine Kovada G\u00f6l\u00fc\u2019nde denetim ger\u00e7ekle\u015ftirdi. Milli park s\u0131n\u0131rlar\u0131 i\u00e7inde yer alan ve su \u00fcr\u00fcnleri avc\u0131l\u0131\u011f\u0131n\u0131n y\u0131l boyu yasak oldu\u011fu g\u00f6lde, gece saatlerinde takibe al\u0131nan ka\u00e7ak avc\u0131lar sabah saat 06.00 sular\u0131nda avc\u0131l\u0131\u011f\u0131 sonland\u0131r\u0131p karaya \u00e7\u0131kt\u0131klar\u0131nda ekipler taraf\u0131ndan m\u00fcdahale edildi. Ka\u00e7ma giri\u015fimleri ba\u015far\u0131s\u0131z olan \u015f\u00fcpheliler yakaland\u0131. 1380 Say\u0131l\u0131 Su \u00dcr\u00fcnleri Kanunu kapsam\u0131nda daha \u00f6nce elektro\u015fokla avc\u0131l\u0131k su\u00e7undan iki defa i\u015flem yap\u0131lan tekne sahibi \u015fahsa, ruhsats\u0131z tekneyle yasak alanda avc\u0131l\u0131k yapt\u0131\u011f\u0131 gerek\u00e7esiyle 151 bin 80 TL, teknede bulunan di\u011fer \u015fahsa ise yer yasa\u011f\u0131na uymamaktan 25 bin 670 TL idari para cezas\u0131 verildi. Toplam ceza miktar\u0131 176 bin 750 TL oldu.<\/p>\n<p>Ka\u00e7ak avc\u0131l\u0131kta kullan\u0131lan malzemelere el konuldu<br \/>\n<br \/>Ka\u00e7ak avc\u0131l\u0131kta kullan\u0131lan 210 metre uzunlu\u011fundaki uzatma a\u011f\u0131 ve tekneye el konulurken, avlanan sazan bal\u0131klar\u0131 canl\u0131 olarak g\u00f6le b\u0131rak\u0131ld\u0131. Yetkililer, s\u00fcrd\u00fcr\u00fclebilir bal\u0131k\u00e7\u0131l\u0131k ve su \u00fcr\u00fcnleri pop\u00fclasyonlar\u0131n\u0131n korunmas\u0131 amac\u0131yla denetimlerin aral\u0131ks\u0131z devam edece\u011fini bildirdi.<br \/><\/p>\n","protected":false},"excerpt":{"rendered":"<p>Isparta \u0130l Tar\u0131m ve Orman M\u00fcd\u00fcrl\u00fc\u011f\u00fc ile E\u011firdir Jandarma Asayi\u015f Bot Komutanl\u0131\u011f\u0131 ekipleri, Kovada G\u00f6l\u00fc\u2019nde ka\u00e7ak avc\u0131l\u0131k yapan \u015fah\u0131slara toplam 176 bin 750 TL idari para cezas\u0131 uygulad\u0131. Yasad\u0131\u015f\u0131 avc\u0131l\u0131kta kullan\u0131lan tekne ve a\u011flara el konuldu, sazan bal\u0131klar\u0131 canl\u0131 olarak g\u00f6le iade edildi. Isparta \u0130l Tar\u0131m ve Orman M\u00fcd\u00fcrl\u00fc\u011f\u00fc ile E\u011firdir Jandarma Asayi\u015f Bot Komutanl\u0131\u011f\u0131&#8230;<\/p>\n","protected":false},"author":1,"featured_media":32212,"comment_status":"open","ping_status":"open","sticky":false,"template":"","format":"standard","meta":{"_crdt_document":"","footnotes":""},"categories":[5],"tags":[],"class_list":["post-32211","post","type-post","status-publish","format-standard","has-post-thumbnail","hentry","category-asayis"],"_links":{"self":[{"href":"https:\/\/www.egemtv.com\/index.php?rest_route=\/wp\/v2\/posts\/32211","targetHints":{"allow":["GET"]}}],"collection":[{"href":"https:\/\/www.egemtv.com\/index.php?rest_route=\/wp\/v2\/posts"}],"about":[{"href":"https:\/\/www.egemtv.com\/index.php?rest_route=\/wp\/v2\/types\/post"}],"author":[{"embeddable":true,"href":"https:\/\/www.egemtv.com\/index.php?rest_route=\/wp\/v2\/users\/1"}],"replies":[{"embeddable":true,"href":"https:\/\/www.egemtv.com\/index.php?rest_route=%2Fwp%2Fv2%2Fcomments&post=32211"}],"version-history":[{"count":1,"href":"https:\/\/www.egemtv.com\/index.php?rest_route=\/wp\/v2\/posts\/32211\/revisions"}],"predecessor-version":[{"id":32213,"href":"https:\/\/www.egemtv.com\/index.php?rest_route=\/wp\/v2\/posts\/32211\/revisions\/32213"}],"wp:featuredmedia":[{"embeddable":true,"href":"https:\/\/www.egemtv.com\/index.php?rest_route=\/wp\/v2\/media\/32212"}],"wp:attachment":[{"href":"https:\/\/www.egemtv.com\/index.php?rest_route=%2Fwp%2Fv2%2Fmedia&parent=32211"}],"wp:term":[{"taxonomy":"category","embeddable":true,"href":"https:\/\/www.egemtv.com\/index.php?rest_route=%2Fwp%2Fv2%2Fcategories&post=32211"},{"taxonomy":"post_tag","embeddable":true,"href":"https:\/\/www.egemtv.com\/index.php?rest_route=%2Fwp%2Fv2%2Ftags&post=32211"}],"curies":[{"name":"wp","href":"https:\/\/api.w.org\/{rel}","templated":true}]}}