{"id":32208,"date":"2025-05-29T13:36:18","date_gmt":"2025-05-29T10:36:18","guid":{"rendered":"https:\/\/www.egemtv.com\/?p=32208"},"modified":"2025-05-29T13:36:23","modified_gmt":"2025-05-29T10:36:23","slug":"greve-cikan-binlerce-isci-izmir-buyuksehir-onunde-toplandi","status":"publish","type":"post","link":"https:\/\/www.egemtv.com\/?p=32208","title":{"rendered":"Greve \u00e7\u0131kan binlerce i\u015f\u00e7i \u0130zmir B\u00fcy\u00fck\u015fehir \u00f6n\u00fcnde topland\u0131"},"content":{"rendered":"<p>\u0130zmir B\u00fcy\u00fck\u015fehir Belediyesinde 23 bin i\u015f\u00e7inin \u00e7al\u0131\u015ft\u0131\u011f\u0131 \u0130ZELMAN, \u0130ZENERJ\u0130 ve Ege\u015fehir\u2019de toplu i\u015f s\u00f6zle\u015fmesi g\u00f6r\u00fc\u015fmeleri t\u0131kand\u0131. Bu sabah ba\u015flayan grevden dolay\u0131 ba\u015fta ESHOT otob\u00fcsleri olmak \u00fczere \u0130zmir B\u00fcy\u00fck\u015fehir Belediyesinin baz\u0131 hizmetlerinde aksamalar ya\u015fand\u0131. D\u0130SK Genel-\u0130\u015f \u0130zmir \u015eubesi \u00f6n\u00fcnde toplanan i\u015f\u00e7iler, sabah saatlerinde Fuar K\u00fclt\u00fcrpark\u2019ta bulunan belediye binas\u0131 \u00f6n\u00fcne y\u00fcr\u00fcy\u00fc\u015f ger\u00e7ekle\u015ftirdi.<br \/>\n<br \/>\u0130zmir B\u00fcy\u00fck\u015fehir Belediyesi\u2019nde 23 bin i\u015f\u00e7inin \u00e7al\u0131\u015ft\u0131\u011f\u0131 \u0130ZELMAN, \u0130ZENERJ\u0130 ve Ege\u015fehir\u2019de toplu i\u015f s\u00f6zle\u015fmesi (T\u0130S) g\u00f6r\u00fc\u015fmelerinde anla\u015fma sa\u011flanamad\u0131. D\u00fcn saatler gece yar\u0131s\u0131n\u0131 g\u00f6sterdi\u011finde grev ba\u015flad\u0131. Grev nedeniyle bu sabah ula\u015f\u0131m hizmetlerinde aksamalar ba\u015flad\u0131. Otob\u00fcslerin b\u00fcy\u00fck bir k\u0131sm\u0131n\u0131n \u00e7al\u0131\u015fmamas\u0131 nedeniyle duraklarda ve aktarma merkezlerinde yo\u011funluklar olu\u015ftu. Vatanda\u015flar i\u015f yerlerine, okullara ve hastanelere kendi imkanlar\u0131yla veya grev kapsam\u0131nda olmayan \u0130ZBAN, \u0130ZULA\u015e, metro, tramvay ve vapurla ula\u015fmaya \u00e7al\u0131\u015ft\u0131. Greve \u00e7\u0131kan i\u015f\u00e7iler Basmane\u2019de bulunan Genel-\u0130\u015f \u0130zmir \u015eubesi \u00f6n\u00fcnde toplanarak K\u00fclt\u00fcrpark\u2019taki B\u00fcy\u00fck\u015fehir Belediyesi binas\u0131 \u00f6n\u00fcne y\u00fcr\u00fcy\u00fc\u015f yapt\u0131.<\/p>\n<p>&#8220;Bize istedi\u011finiz para \u00e7ok diyorlar&#8221;<br \/>\n<br \/>B\u00fcy\u00fck\u015fehir Belediyesi binas\u0131 \u00f6n\u00fcnde a\u00e7\u0131klama yapan D\u0130SK Ege B\u00f6lge Ba\u015fkan\u0131 Memi\u015f Sar\u0131, &#8220;Bize istedi\u011finiz para \u00e7ok diyorlar. Gelin hep beraber m\u00fccadele edelim. Bu da i\u015fverenin bir oyunu. D\u0130SK kuruldu\u011fu tarihten beri i\u015f\u00e7i s\u0131n\u0131f\u0131n\u0131n yan\u0131nda yer alm\u0131\u015ft\u0131r. Bu \u015fanl\u0131 direni\u015fi \u0130ZELMAN, \u0130ZENERJ\u0130 direni\u015f\u00e7ileri yap\u0131yor. Biz halk\u0131n, vatanda\u015f\u0131n bir par\u00e7as\u0131y\u0131z. \u00c7e\u015fitli il\u00e7elerde mahallelerde bir arada oturuyoruz. Bizi kom\u015fumuzla kar\u015f\u0131 kar\u015f\u0131ya getiren zihniyete \u2018dur\u2019 diyoruz. Biz de bu halk\u0131n bir par\u00e7as\u0131y\u0131z. Bizi ay\u0131ramazs\u0131n\u0131z&#8221; dedi.<\/p>\n<p>\u2019Grev k\u0131r\u0131c\u0131l\u0131\u011f\u0131\u2019 a\u00e7\u0131klamas\u0131<br \/>\n<br \/>Belediye binas\u0131 \u00f6n\u00fcnde a\u00e7\u0131klama yapan Genel \u0130\u015f Sendikas\u0131 2 No\u2019lu \u015eube Ba\u015fkan\u0131 Ercan G\u00fcl, sendika olarak kimseyi tehdit etmediklerini, greve \u00e7\u0131kmayan i\u015f\u00e7ilerle ilgili kanuni bir durum oldu\u011funu s\u00f6yledi. G\u00fcl, &#8220;Arkada\u015flar\u0131m\u0131z\u0131 aray\u0131p \u2018gelin i\u015fyerlerinize, \u00e7al\u0131\u015f\u0131n, hi\u00e7bir \u015feyden korkmay\u0131n, Cemil ba\u015fkan\u0131m\u0131z size ek protokol yapacak, bireysel s\u00f6zle\u015fme yapacak\u2019 diye \u00e7a\u011fr\u0131da bulunuyorlar. Hi\u00e7bir arkada\u015f\u0131m\u0131z i\u015fverenin \u00e7a\u011fr\u0131s\u0131na kulak vermesin, ekme\u011fimizin b\u00fcy\u00fct\u00fclmesine zarar vermesin, grev k\u0131r\u0131c\u0131l\u0131\u011f\u0131 yapmas\u0131n. \u0130\u015f\u00e7ileri tehdit etmiyoruz. Bir kanun var. Kanun diyor ki \u2018greve gelmeyen i\u015f\u00e7i toplu s\u00f6zle\u015fmeden faydalanamaz.\u2019 Biz burada kimseyi tehdit etmiyoruz. Arkada\u015flar\u0131m\u0131z\u0131, evine ekmek g\u00f6t\u00fcrecek arkada\u015flar\u0131m\u0131z\u0131 uyar\u0131yoruz; burada arkada\u015flar\u0131m\u0131z \u2018yar\u0131n Cemil ba\u015fkan ek s\u00f6zle\u015fme yapar, param\u0131z\u0131 verir\u2019 diyebilir. Biz de buradan \u015funu s\u00f6yl\u00fcyoruz; hangi arkada\u015f\u0131m\u0131z grev k\u0131r\u0131c\u0131l\u0131\u011f\u0131 yaparsa elindeki haklar\u0131 almak i\u00e7in \u00e7abalar\u0131z. \u0130zmir tarihinde bir ilk ya\u015fan\u0131yor. Y\u00f6netimin bize \u00f6nerdi\u011fi teklif \u00fczerine bu ya\u015fand\u0131. Onlara da s\u00f6yledik. Biz bu m\u00fccadeleden asla geri ad\u0131m atmayaca\u011f\u0131z. Bizi vatanda\u015f ile kar\u015f\u0131 kar\u015f\u0131ya getirmeye \u00e7al\u0131\u015f\u0131yorlar. \u2019214 bin TL maa\u015f istediler\u2019 dediler. \u2019180 bin TL, 110 bin TL maa\u015f istediler\u2019 dediler. D\u00fcnk\u00fc son teklifimizi 82 bin TL net maa\u015ft\u0131r. Biz ayn\u0131 i\u015fyerinde ayn\u0131 i\u015fi yapt\u0131\u011f\u0131m\u0131z ancak farkl\u0131 \u00fccretler ald\u0131\u011f\u0131m\u0131z arkada\u015flar\u0131m\u0131zla ayn\u0131 \u00fccreti almak istiyoruz. Biz 7 g\u00fcn 24 saat g\u00f6r\u00fc\u015fmeye a\u00e7\u0131\u011f\u0131z. D\u00fcn gece g\u00f6r\u00fc\u015fme ya\u015fand\u0131. Y\u0131llard\u0131r bu T\u0130S masalar\u0131nday\u0131z. Bir\u00e7ok s\u00f6zle\u015fme masas\u0131nda farkl\u0131 y\u00f6ntemlerle kar\u015f\u0131la\u015ft\u0131\u011f\u0131m\u0131z anlar da oldu. Ama bir y\u00f6ntemle geldiler ki akl\u0131m\u0131zla dalga ge\u00e7tiler. Bize sanki i\u015fe yeni ba\u015flam\u0131\u015f sendikac\u0131lar gibi davrand\u0131lar. Biz ne istenildi\u011fini, ne istedi\u011fimizi biliyoruz. Bu toplu s\u00f6zle\u015fme asla i\u015f\u00e7iden, sizden ba\u011f\u0131ms\u0131z imzalanmayacak&#8221; diye konu\u015ftu.<\/p>\n<p>Teklif y\u00fczde 30, talep y\u00fczde 60<br \/>\n<br \/>\u0130zmir B\u00fcy\u00fck\u015fehir Belediyesi greve giden i\u015f\u00e7ilere y\u00fczde 30 zam teklif ederken, sendika bu orana tepki g\u00f6stererek masadan kalkt\u0131. \u0130ZELMAN\u2019da \u00f6rg\u00fctl\u00fc \u015fubeler zam taleplerini y\u00fczde 60 olarak a\u00e7\u0131klarken \u0130ZENERJ\u0130\u2019de \u00f6rg\u00fctl\u00fc \u015fubeler ise maa\u015flar\u0131n\u0131n di\u011fer \u015firketler seviyesine \u00e7ekilerek e\u015fit i\u015fe e\u015fit \u00fccret taleplerinin hayata ge\u00e7irilmesini talep ediyor. Bundan dolay\u0131 \u0130zmir B\u00fcy\u00fck\u015fehir Belediyesi\u2019nin bir\u00e7ok biriminde hizmet dururken, \u0130\u015e-KUR taraf\u0131ndan belirlenen listeler ve hayati birimlerde \u00e7al\u0131\u015fanlar d\u0131\u015f\u0131ndaki t\u00fcm i\u015f\u00e7iler greve \u00e7\u0131kt\u0131.<br \/><\/p>\n","protected":false},"excerpt":{"rendered":"<p>\u0130zmir B\u00fcy\u00fck\u015fehir Belediyesinde 23 bin i\u015f\u00e7inin \u00e7al\u0131\u015ft\u0131\u011f\u0131 \u0130ZELMAN, \u0130ZENERJ\u0130 ve Ege\u015fehir\u2019de toplu i\u015f s\u00f6zle\u015fmesi g\u00f6r\u00fc\u015fmeleri t\u0131kand\u0131. Bu sabah ba\u015flayan grevden dolay\u0131 ba\u015fta ESHOT otob\u00fcsleri olmak \u00fczere \u0130zmir B\u00fcy\u00fck\u015fehir Belediyesinin baz\u0131 hizmetlerinde aksamalar ya\u015fand\u0131. D\u0130SK Genel-\u0130\u015f \u0130zmir \u015eubesi \u00f6n\u00fcnde toplanan i\u015f\u00e7iler, sabah saatlerinde Fuar K\u00fclt\u00fcrpark\u2019ta bulunan belediye binas\u0131 \u00f6n\u00fcne y\u00fcr\u00fcy\u00fc\u015f ger\u00e7ekle\u015ftirdi. \u0130zmir B\u00fcy\u00fck\u015fehir Belediyesi\u2019nde 23 bin&#8230;<\/p>\n","protected":false},"author":1,"featured_media":32209,"comment_status":"open","ping_status":"open","sticky":false,"template":"","format":"standard","meta":{"_crdt_document":"","footnotes":""},"categories":[1],"tags":[],"class_list":["post-32208","post","type-post","status-publish","format-standard","has-post-thumbnail","hentry","category-guncel"],"_links":{"self":[{"href":"https:\/\/www.egemtv.com\/index.php?rest_route=\/wp\/v2\/posts\/32208","targetHints":{"allow":["GET"]}}],"collection":[{"href":"https:\/\/www.egemtv.com\/index.php?rest_route=\/wp\/v2\/posts"}],"about":[{"href":"https:\/\/www.egemtv.com\/index.php?rest_route=\/wp\/v2\/types\/post"}],"author":[{"embeddable":true,"href":"https:\/\/www.egemtv.com\/index.php?rest_route=\/wp\/v2\/users\/1"}],"replies":[{"embeddable":true,"href":"https:\/\/www.egemtv.com\/index.php?rest_route=%2Fwp%2Fv2%2Fcomments&post=32208"}],"version-history":[{"count":1,"href":"https:\/\/www.egemtv.com\/index.php?rest_route=\/wp\/v2\/posts\/32208\/revisions"}],"predecessor-version":[{"id":32210,"href":"https:\/\/www.egemtv.com\/index.php?rest_route=\/wp\/v2\/posts\/32208\/revisions\/32210"}],"wp:featuredmedia":[{"embeddable":true,"href":"https:\/\/www.egemtv.com\/index.php?rest_route=\/wp\/v2\/media\/32209"}],"wp:attachment":[{"href":"https:\/\/www.egemtv.com\/index.php?rest_route=%2Fwp%2Fv2%2Fmedia&parent=32208"}],"wp:term":[{"taxonomy":"category","embeddable":true,"href":"https:\/\/www.egemtv.com\/index.php?rest_route=%2Fwp%2Fv2%2Fcategories&post=32208"},{"taxonomy":"post_tag","embeddable":true,"href":"https:\/\/www.egemtv.com\/index.php?rest_route=%2Fwp%2Fv2%2Ftags&post=32208"}],"curies":[{"name":"wp","href":"https:\/\/api.w.org\/{rel}","templated":true}]}}