{"id":32205,"date":"2025-05-29T13:36:12","date_gmt":"2025-05-29T10:36:12","guid":{"rendered":"https:\/\/www.egemtv.com\/?p=32205"},"modified":"2025-05-29T13:36:18","modified_gmt":"2025-05-29T10:36:18","slug":"burdurda-1-haziran-1-kasim-tarihleri-arasinda-ormanlik-alanlara-girisler-yasaklandi","status":"publish","type":"post","link":"https:\/\/www.egemtv.com\/?p=32205","title":{"rendered":"Burdur\u2019da 1 Haziran &#8211; 1 Kas\u0131m tarihleri aras\u0131nda ormanl\u0131k alanlara giri\u015fler yasakland\u0131"},"content":{"rendered":"<p>Burdur\u2019da orman yang\u0131nlar\u0131n\u0131n \u00f6nlenmesi amac\u0131yla 1 Haziran-1 Kas\u0131m 2025 tarihleri aras\u0131nda ormanl\u0131k alanlara giri\u015flerin yetkili makamlar\u0131n iznine tabi tutuldu\u011fu a\u00e7\u0131kland\u0131.<br \/>\n<br \/>Burdur Valili\u011fi taraf\u0131ndan yap\u0131lan yaz\u0131l\u0131 a\u00e7\u0131klamada, yaz mevsiminin gelmesiyle birlikte hava s\u0131cakl\u0131klar\u0131nda art\u0131\u015f ve kurakl\u0131k nedeniyle  yang\u0131n riskinin y\u00fckseldi\u011fi belirtildi. Ormanl\u0131k alanlarda insan ve ara\u00e7 hareketlili\u011finin artmas\u0131 sonucu kasten ya da kusurlu davran\u0131\u015flarla orman yang\u0131nlar\u0131n\u0131n \u00e7\u0131kabilece\u011fi de\u011ferlendirildi\u011fi i\u00e7in, il s\u0131n\u0131rlar\u0131 dahilindeki ormanl\u0131k ve k\u0131rsal alanlarda \u00e7\u0131kabilecek yang\u0131nlar\u0131 \u00f6nlemek amac\u0131yla gerekli tedbirlerin al\u0131nmas\u0131n\u0131n milli servetimiz olan ormanlar\u0131 korumak i\u00e7in zorunlu oldu\u011fu vurguland\u0131.<br \/>\n<br \/>A\u00e7\u0131klamada, 6831 Say\u0131l\u0131 Orman Kanunu, 5442 Say\u0131l\u0131 \u0130l \u0130daresi Kanunu, 5326 Say\u0131l\u0131 Kabahatler Kanunu ve Burdur \u0130li Orman Yang\u0131nlar\u0131yla M\u00fccadele Komisyonu kararlar\u0131 ile \u0130\u00e7i\u015fleri Bakanl\u0131\u011f\u0131 genelgesi do\u011frultusunda 1 Haziran &#8211; 1 Kas\u0131m 2025 tarihleri aras\u0131nda ormanl\u0131k alanlara giri\u015flerin sadece yetkili makam izniyle m\u00fcmk\u00fcn oldu\u011fu bildirildi. Ek listede yer alan orman parklar\u0131, tabiat parklar\u0131 ve g\u00fcn\u00fcbirlik kontroll\u00fc alanlar d\u0131\u015f\u0131ndaki ormanl\u0131k alanlara, g\u00f6revliler, izinli ar\u0131c\u0131lar ve \u00e7obanlar d\u0131\u015f\u0131nda giri\u015fler yasakland\u0131.<\/p>\n<p>Ormanl\u0131k alanlarda piknik, kamp ve ate\u015f yakmak yasak<br \/>\n<br \/>A\u00e7\u0131klamada orman parklar\u0131, milli parklar ve tabiat parklar\u0131 i\u00e7erisindeki piknik ve mesire alanlar\u0131 ile g\u00fcn\u00fcbirlik kontroll\u00fc alanlar haricindeki ormanl\u0131k alanlarda 1 Haziran &#8211; 1 Kas\u0131m tarihleri aras\u0131nda mangal ve ate\u015f yakman\u0131n, mahalli m\u00fclki amirden izin almadan etkinlik, piknik yapmak, \u00e7ad\u0131r kurmak, kamp yapmak ve konaklaman\u0131n yasak oldu\u011fu duyuruldu.<br \/>\n<br \/>Vatanda\u015flar\u0131n sadece kendilerine tahsis edilen piknik ve mesire alanlar\u0131ndan gerekli \u00f6nlemleri alarak faydalanabilecekleri, bu alanlarda ate\u015f yakmaks\u0131z\u0131n piknik yap\u0131labilece\u011fi ve \u00e7\u00f6plerin b\u0131rak\u0131lmamas\u0131 konusunda g\u00f6revliler ve i\u015fletme sahiplerince s\u0131k s\u0131k uyar\u0131lar yap\u0131laca\u011f\u0131 belirtildi.<br \/>\n<br \/>Ormanl\u0131k ve orman kenarlar\u0131nda yan\u0131c\u0131, parlay\u0131c\u0131, patlay\u0131c\u0131, tutu\u015fturucu at\u0131klar ile in\u015faat ve cam gibi malzemelerin b\u0131rak\u0131lmas\u0131 kesinlikle yasakland\u0131. Ayr\u0131ca, turizm tesisleri, \u00e7ad\u0131r kamp alanlar\u0131 ve piknik alanlar\u0131nda havai fi\u015fek, dilek balonu, parlay\u0131c\u0131 ve patlay\u0131c\u0131 maddelerin kullan\u0131m\u0131 da mahalli m\u00fclki amirin \u00f6zel izni olmadan yasakland\u0131.<\/p>\n<p>Yang\u0131na kar\u015f\u0131 bir\u00e7ok kurum sorumluluk \u00fcstlendi<br \/>\n<br \/>Orman civar\u0131ndaki tesislerin, sanayi kurulu\u015flar\u0131n\u0131n ve yerle\u015fim yerlerinin yang\u0131n s\u00f6nd\u00fcrme ekipleri kuracaklar\u0131n\u0131 ve ormanl\u0131k alan ile tesis aras\u0131nda koruma band\u0131 olu\u015fturacaklar\u0131n\u0131 belirtildi. Bu konuda denetimlerin Orman B\u00f6lge M\u00fcd\u00fcrl\u00fc\u011f\u00fc, \u00c7evre \u015eehircilik ve \u0130klim De\u011fi\u015fikli\u011fi \u0130l M\u00fcd\u00fcrl\u00fc\u011f\u00fc ve belediyeler taraf\u0131ndan yap\u0131laca\u011f\u0131 ifade edildi.<br \/>\n<br \/>Karayolu g\u00fczergahlar\u0131nda seyir ve park halindeki ara\u00e7lardan kaynaklanabilecek yang\u0131n riskine kar\u015f\u0131, ara\u00e7lardan sigara, cam e\u015fya, \u00e7\u00f6p gibi yang\u0131na sebep olabilecek malzemelerin at\u0131lmas\u0131 yasakland\u0131 ve bu t\u00fcr at\u0131klar\u0131n belirli aral\u0131klarla temizlenece\u011fi a\u00e7\u0131kland\u0131.<br \/>\n<br \/>Belediyelerden orman i\u00e7i ve kenar\u0131ndaki \u00e7\u00f6p toplama ve depolama alanlar\u0131 \u00e7evresinde koruma band\u0131 olu\u015fturarak yang\u0131na kar\u015f\u0131 gerekli tedbirleri almalar\u0131 ve yang\u0131n riskine kar\u015f\u0131 i\u015f makinelerini (dozer, loder, kep\u00e7e) haz\u0131r bulundurmalar\u0131 istendi.<br \/>\n<br \/>Enerji nakil hatlar\u0131n\u0131n ve trafo merkezlerinin yap\u0131m ve bak\u0131m\u0131n\u0131n ilgili kurulu\u015flar taraf\u0131ndan zaman\u0131nda ve eksiksiz yap\u0131lmas\u0131, yang\u0131n riskine kar\u015f\u0131 her t\u00fcrl\u00fc tedbirin al\u0131nmas\u0131 ve gerekti\u011finde yetkililerce talep edilmesi durumunda enerji kesintisi uygulanmas\u0131 gerekti\u011fi belirtildi.<br \/>\n<br \/>\u0130l Tar\u0131m ve Orman M\u00fcd\u00fcrl\u00fc\u011f\u00fc, \u0130l\u00e7e Tar\u0131m M\u00fcd\u00fcrl\u00fckleri ve Ziraat Odas\u0131 Ba\u015fkanl\u0131klar\u0131n\u0131n \u00e7ift\u00e7ilere ve \u00fcreticilere tar\u0131msal alanlardaki yasaklar ve yang\u0131n riski konusunda bilgilendirme toplant\u0131lar\u0131 yapacaklar\u0131, kritik g\u00fcnlerde ise SMS yoluyla uyar\u0131lar g\u00f6nderecekleri ifade edildi.<br \/>\n<br \/>Valilik, Kaymakaml\u0131klar ve Orman B\u00f6lge M\u00fcd\u00fcrl\u00fc\u011f\u00fc koordinasyonunda kolluk kuvvetleri, milli parklar g\u00f6revlileri ve di\u011fer yetkililerin yang\u0131n riski olan b\u00f6lgelerde devriye faaliyetlerini art\u0131racaklar\u0131; ormanl\u0131k alanlar\u0131n gece g\u00fcnd\u00fcz kontrol edilece\u011fi; riskli b\u00f6lgelerde fotokapan, drone, Plaka Tan\u0131ma Sistemi ve Kent G\u00fcvenlik Y\u00f6netim Sistemi kullan\u0131larak etkin g\u00f6zetim sa\u011flanaca\u011f\u0131 duyuruldu.<br \/>\n<br \/>\u00d6zellikle A\u011flasun ve Bucak il\u00e7eleri aras\u0131ndaki Isparta-Antalya karayolu (Derebo\u011faz\u0131 Havzas\u0131) b\u00f6lgesinin riskli alan olarak de\u011ferlendirildi\u011fi, burada resmi ve sivil devriyelerin s\u0131kla\u015ft\u0131r\u0131laca\u011f\u0131 bildirildi.<br \/>\n<br \/>Yang\u0131n meydana gelmesi durumunda, Valilik ve Kaymakaml\u0131klar\u0131n emriyle t\u00fcm kamu ve \u00f6zel sekt\u00f6r imkanlar\u0131n\u0131n kullan\u0131larak etkili m\u00fcdahale yap\u0131laca\u011f\u0131 belirtildi.<\/p>\n<p>Kurallara uymayanlara idari ve adli yapt\u0131r\u0131m<br \/>\n<br \/>Yasaklara uymayanlar hakk\u0131nda 6831 Say\u0131l\u0131 Orman Kanunu, 5237 Say\u0131l\u0131 T\u00fcrk Ceza Kanunu ve 5326 Say\u0131l\u0131 Kabahatler Kanunu h\u00fck\u00fcmlerine g\u00f6re idari ve adli i\u015flemler uygulanaca\u011f\u0131 a\u00e7\u0131kland\u0131.<\/p>\n<p>Burdur genelinde piknik yap\u0131labilecek alanlar<br \/>\n<br \/>Burdur Valili\u011fi, piknik yap\u0131labilecek orman parklar\u0131 ve mesire alanlar\u0131n\u0131 da belirtti. Bu alanlar aras\u0131nda Burdur Belediyesi Alyazmal\u0131m Mesire Alan\u0131, A\u011flasun Ate\u015fg\u00fcl Konaklamas\u0131z Orman Park\u0131, Ye\u015filova Salda G\u00f6l\u00fc Tabiat Park\u0131, Kemer Asarc\u0131k Konaklamas\u0131z Orman Park\u0131, Burdur Serenler Tepesi Tabiat Park\u0131, Karamanl\u0131 Sar\u0131msakl\u0131oluk Konaklamas\u0131z Orman Park\u0131, Alt\u0131nyayla 15 Temmuz \u015eehitleri ve Gazileri Konaklamas\u0131z Orman Park\u0131, G\u00f6lhisar Kibriya Konaklamas\u0131z Orman Park\u0131, G\u00f6lhisar B\u00f6\u011fr\u00fcdelik Konaklamas\u0131z Orman Park\u0131, Bucak O\u011fuzhan Konaklamas\u0131z Orman Park\u0131, Bucak Millet Orman\u0131 Konaklamas\u0131z Orman Park\u0131 ve Bucak Kocaaliler \u00c7\u0131nar Kontroll\u00fc Piknik Alan\u0131ndan olu\u015fuyor.<br \/><\/p>\n","protected":false},"excerpt":{"rendered":"<p>Burdur\u2019da orman yang\u0131nlar\u0131n\u0131n \u00f6nlenmesi amac\u0131yla 1 Haziran-1 Kas\u0131m 2025 tarihleri aras\u0131nda ormanl\u0131k alanlara giri\u015flerin yetkili makamlar\u0131n iznine tabi tutuldu\u011fu a\u00e7\u0131kland\u0131. Burdur Valili\u011fi taraf\u0131ndan yap\u0131lan yaz\u0131l\u0131 a\u00e7\u0131klamada, yaz mevsiminin gelmesiyle birlikte hava s\u0131cakl\u0131klar\u0131nda art\u0131\u015f ve kurakl\u0131k nedeniyle yang\u0131n riskinin y\u00fckseldi\u011fi belirtildi. Ormanl\u0131k alanlarda insan ve ara\u00e7 hareketlili\u011finin artmas\u0131 sonucu kasten ya da kusurlu davran\u0131\u015flarla orman yang\u0131nlar\u0131n\u0131n&#8230;<\/p>\n","protected":false},"author":1,"featured_media":32206,"comment_status":"open","ping_status":"open","sticky":false,"template":"","format":"standard","meta":{"_crdt_document":"","footnotes":""},"categories":[1],"tags":[],"class_list":["post-32205","post","type-post","status-publish","format-standard","has-post-thumbnail","hentry","category-guncel"],"_links":{"self":[{"href":"https:\/\/www.egemtv.com\/index.php?rest_route=\/wp\/v2\/posts\/32205","targetHints":{"allow":["GET"]}}],"collection":[{"href":"https:\/\/www.egemtv.com\/index.php?rest_route=\/wp\/v2\/posts"}],"about":[{"href":"https:\/\/www.egemtv.com\/index.php?rest_route=\/wp\/v2\/types\/post"}],"author":[{"embeddable":true,"href":"https:\/\/www.egemtv.com\/index.php?rest_route=\/wp\/v2\/users\/1"}],"replies":[{"embeddable":true,"href":"https:\/\/www.egemtv.com\/index.php?rest_route=%2Fwp%2Fv2%2Fcomments&post=32205"}],"version-history":[{"count":1,"href":"https:\/\/www.egemtv.com\/index.php?rest_route=\/wp\/v2\/posts\/32205\/revisions"}],"predecessor-version":[{"id":32207,"href":"https:\/\/www.egemtv.com\/index.php?rest_route=\/wp\/v2\/posts\/32205\/revisions\/32207"}],"wp:featuredmedia":[{"embeddable":true,"href":"https:\/\/www.egemtv.com\/index.php?rest_route=\/wp\/v2\/media\/32206"}],"wp:attachment":[{"href":"https:\/\/www.egemtv.com\/index.php?rest_route=%2Fwp%2Fv2%2Fmedia&parent=32205"}],"wp:term":[{"taxonomy":"category","embeddable":true,"href":"https:\/\/www.egemtv.com\/index.php?rest_route=%2Fwp%2Fv2%2Fcategories&post=32205"},{"taxonomy":"post_tag","embeddable":true,"href":"https:\/\/www.egemtv.com\/index.php?rest_route=%2Fwp%2Fv2%2Ftags&post=32205"}],"curies":[{"name":"wp","href":"https:\/\/api.w.org\/{rel}","templated":true}]}}