{"id":32202,"date":"2025-05-29T13:15:38","date_gmt":"2025-05-29T10:15:38","guid":{"rendered":"https:\/\/www.egemtv.com\/?p=32202"},"modified":"2025-05-29T13:15:43","modified_gmt":"2025-05-29T10:15:43","slug":"denizlide-aileler-ailemiz-gelecegimiz-etkinliginde-bir-araya-geldi","status":"publish","type":"post","link":"https:\/\/www.egemtv.com\/?p=32202","title":{"rendered":"Denizli\u2019de aileler \u2018Ailemiz Gelece\u011fimiz\u2019 etkinli\u011finde bir araya geldi"},"content":{"rendered":"<p>Denizli Gen\u00e7lik ve Spor \u0130l M\u00fcd\u00fcrl\u00fc\u011f\u00fc taraf\u0131ndan \u2018Ailemiz Gelece\u011fimiz\u2019 slogan\u0131yla 2025 Aile Y\u0131l\u0131 kapsam\u0131nda d\u00fczenlenen etkinli\u011fe \u00e7ok say\u0131da vatanda\u015f \u00e7ocuklar\u0131yla kat\u0131ld\u0131. Etkinlikte hem spor yap\u0131ld\u0131 hem de e\u011flenceli oyunlar oynand\u0131.<\/p>\n<p>&#8220;Ailemiz Gelece\u011fimiz&#8221; slogan\u0131yla 2025 Aile Y\u0131l\u0131 kapsam\u0131nda Denizli\u2019de spor \u015fenli\u011fi yap\u0131ld\u0131. Gen\u00e7lik ve Spor \u0130l M\u00fcd\u00fcrl\u00fc\u011f\u00fc organizasyonunda K\u0131n\u0131kl\u0131 Spor Kompleksinde ger\u00e7ekle\u015fen etkinli\u011fe aileler \u00e7ocuklar\u0131yla birlikte kat\u0131ld\u0131. Sa\u011fl\u0131kl\u0131 ya\u015fam y\u00fcr\u00fcy\u00fc\u015f\u00fc ile ba\u015flayan \u015fenlikte, uzman antren\u00f6rler e\u015fli\u011finde \u0131s\u0131nma hareketleri yap\u0131ld\u0131. Ak\u015fam saatlerinde yap\u0131lan programda geleneksel oyunlar, spor bran\u015flar\u0131 tan\u0131t\u0131mlar\u0131, u\u00e7urtma \u015fenli\u011fi, sporcular\u0131n g\u00f6sterileri ve \u00f6d\u00fcll\u00fc yar\u0131\u015fmalar yer ald\u0131. Okul \u00f6ncesi miniklerden ba\u015flayarak, \u00f6zel bireyler, dedeler ve torunlar\u0131 ile 7\u2019den 70\u2019e her ya\u015ftan vatanda\u015f etkinli\u011fe ilgi g\u00f6sterdi. Futbol sahas\u0131na kurulan istasyonlarda halat \u00e7ekme, \u00e7uval yar\u0131\u015f\u0131 gibi geleneksel oyunlarla aileler doyas\u0131ya e\u011flendi. Etkinlikte ger\u00e7ekle\u015fen u\u00e7urtma \u015fenli\u011finde ise rengarenk u\u00e7urtmalar g\u00f6ky\u00fcz\u00fcn\u00fc s\u00fcsledi.<\/p>\n<p>&#8220;Sporun birle\u015ftirici g\u00fcc\u00fc aileleri bulu\u015fturdu&#8221;<br \/>\n<br \/>Aile y\u0131l\u0131 kapsam\u0131nda yap\u0131lan etkinli\u011fe kat\u0131lan herkese te\u015fekk\u00fcr eden Denizli Gen\u00e7lik Spor \u0130l M\u00fcd\u00fcr\u00fc S\u00fcleyman Erdo\u011fan; \u015fenlik havas\u0131nda g\u00fczel bir organizasyon oldu\u011funu kaydetti. Sa\u011fl\u0131kl\u0131 aile yap\u0131s\u0131n\u0131n g\u00fc\u00e7l\u00fc bir toplumun anahtar\u0131 oldu\u011funu belirten Erdo\u011fan; sporun birle\u015ftirici g\u00fcc\u00fcyle aileleri sporda bulu\u015fturduklar\u0131n\u0131 s\u00f6zlerine ekledi.<br \/><\/p>\n","protected":false},"excerpt":{"rendered":"<p>Denizli Gen\u00e7lik ve Spor \u0130l M\u00fcd\u00fcrl\u00fc\u011f\u00fc taraf\u0131ndan \u2018Ailemiz Gelece\u011fimiz\u2019 slogan\u0131yla 2025 Aile Y\u0131l\u0131 kapsam\u0131nda d\u00fczenlenen etkinli\u011fe \u00e7ok say\u0131da vatanda\u015f \u00e7ocuklar\u0131yla kat\u0131ld\u0131. Etkinlikte hem spor yap\u0131ld\u0131 hem de e\u011flenceli oyunlar oynand\u0131. &#8220;Ailemiz Gelece\u011fimiz&#8221; slogan\u0131yla 2025 Aile Y\u0131l\u0131 kapsam\u0131nda Denizli\u2019de spor \u015fenli\u011fi yap\u0131ld\u0131. Gen\u00e7lik ve Spor \u0130l M\u00fcd\u00fcrl\u00fc\u011f\u00fc organizasyonunda K\u0131n\u0131kl\u0131 Spor Kompleksinde ger\u00e7ekle\u015fen etkinli\u011fe aileler \u00e7ocuklar\u0131yla birlikte&#8230;<\/p>\n","protected":false},"author":1,"featured_media":32203,"comment_status":"open","ping_status":"open","sticky":false,"template":"","format":"standard","meta":{"_crdt_document":"","footnotes":""},"categories":[4],"tags":[],"class_list":["post-32202","post","type-post","status-publish","format-standard","has-post-thumbnail","hentry","category-spor"],"_links":{"self":[{"href":"https:\/\/www.egemtv.com\/index.php?rest_route=\/wp\/v2\/posts\/32202","targetHints":{"allow":["GET"]}}],"collection":[{"href":"https:\/\/www.egemtv.com\/index.php?rest_route=\/wp\/v2\/posts"}],"about":[{"href":"https:\/\/www.egemtv.com\/index.php?rest_route=\/wp\/v2\/types\/post"}],"author":[{"embeddable":true,"href":"https:\/\/www.egemtv.com\/index.php?rest_route=\/wp\/v2\/users\/1"}],"replies":[{"embeddable":true,"href":"https:\/\/www.egemtv.com\/index.php?rest_route=%2Fwp%2Fv2%2Fcomments&post=32202"}],"version-history":[{"count":1,"href":"https:\/\/www.egemtv.com\/index.php?rest_route=\/wp\/v2\/posts\/32202\/revisions"}],"predecessor-version":[{"id":32204,"href":"https:\/\/www.egemtv.com\/index.php?rest_route=\/wp\/v2\/posts\/32202\/revisions\/32204"}],"wp:featuredmedia":[{"embeddable":true,"href":"https:\/\/www.egemtv.com\/index.php?rest_route=\/wp\/v2\/media\/32203"}],"wp:attachment":[{"href":"https:\/\/www.egemtv.com\/index.php?rest_route=%2Fwp%2Fv2%2Fmedia&parent=32202"}],"wp:term":[{"taxonomy":"category","embeddable":true,"href":"https:\/\/www.egemtv.com\/index.php?rest_route=%2Fwp%2Fv2%2Fcategories&post=32202"},{"taxonomy":"post_tag","embeddable":true,"href":"https:\/\/www.egemtv.com\/index.php?rest_route=%2Fwp%2Fv2%2Ftags&post=32202"}],"curies":[{"name":"wp","href":"https:\/\/api.w.org\/{rel}","templated":true}]}}