{"id":32199,"date":"2025-05-29T13:15:32","date_gmt":"2025-05-29T10:15:32","guid":{"rendered":"https:\/\/www.egemtv.com\/?p=32199"},"modified":"2025-05-29T13:15:38","modified_gmt":"2025-05-29T10:15:38","slug":"cam-agaclarinin-arasindaki-dogal-guzellik-kocagol","status":"publish","type":"post","link":"https:\/\/www.egemtv.com\/?p=32199","title":{"rendered":"\u00c7am a\u011fa\u00e7lar\u0131n\u0131n aras\u0131ndaki do\u011fal g\u00fczellik: Kocag\u00f6l"},"content":{"rendered":"<p>Afyonkarahisar\u2019da ad\u0131 fazla bilinmeyen ancak ziyaret\u00e7ilerin hayran kald\u0131\u011f\u0131 Kocag\u00f6l, a\u011fa\u00e7lar i\u00e7erisindeki g\u00f6rsel g\u00fczelli\u011fi ile g\u00f6renleri mest ediyor.<br \/>\n<br \/>Hocalar il\u00e7esine ba\u011fl\u0131 Ya\u011fc\u0131 k\u00f6y\u00fc s\u0131n\u0131rlar\u0131 i\u00e7erisinde yer alan Kocag\u00f6l, g\u00f6rsel g\u00fczelli\u011fi ile dikkat \u00e7ekiyor. Ya\u011fc\u0131 ormanlar\u0131n\u0131n i\u00e7erisinde do\u011fal g\u00fczellik olarak ortaya \u00e7\u0131kan Kocag\u00f6l, \u00e7am a\u011fa\u00e7lar\u0131n\u0131n ortas\u0131nda adeta sakl\u0131 bir cennet gibi. G\u00f6l\u00fcn g\u00f6r\u00fcnt\u00fcleyen Afyon Kocatepe \u00dcniversitesi (AK\u00dc) Bas\u0131n Yay\u0131n ve Hakla \u0130li\u015fkiler M\u00fcd\u00fcrl\u00fc\u011f\u00fc Ara\u015ft\u0131rma G\u00f6revlisi Hakan Y\u0131lmaz\u2019\u0131n \u00e7ekti\u011fi g\u00f6r\u00fcnt\u00fcler ise g\u00f6renleri adeta mest ederek bir huzur d\u00fcnyas\u0131na g\u00f6t\u00fcrd\u00fc. G\u00f6r\u00fcnt\u00fclerde bir ba\u015fka dikkat \u00e7ekici konu ise do\u011fan\u0131n renklerinin c\u00fcmb\u00fc\u015f\u00fc oldu.<br \/><\/p>\n","protected":false},"excerpt":{"rendered":"<p>Afyonkarahisar\u2019da ad\u0131 fazla bilinmeyen ancak ziyaret\u00e7ilerin hayran kald\u0131\u011f\u0131 Kocag\u00f6l, a\u011fa\u00e7lar i\u00e7erisindeki g\u00f6rsel g\u00fczelli\u011fi ile g\u00f6renleri mest ediyor. Hocalar il\u00e7esine ba\u011fl\u0131 Ya\u011fc\u0131 k\u00f6y\u00fc s\u0131n\u0131rlar\u0131 i\u00e7erisinde yer alan Kocag\u00f6l, g\u00f6rsel g\u00fczelli\u011fi ile dikkat \u00e7ekiyor. Ya\u011fc\u0131 ormanlar\u0131n\u0131n i\u00e7erisinde do\u011fal g\u00fczellik olarak ortaya \u00e7\u0131kan Kocag\u00f6l, \u00e7am a\u011fa\u00e7lar\u0131n\u0131n ortas\u0131nda adeta sakl\u0131 bir cennet gibi. G\u00f6l\u00fcn g\u00f6r\u00fcnt\u00fcleyen Afyon Kocatepe \u00dcniversitesi (AK\u00dc)&#8230;<\/p>\n","protected":false},"author":1,"featured_media":32200,"comment_status":"open","ping_status":"open","sticky":false,"template":"","format":"standard","meta":{"_crdt_document":"","footnotes":""},"categories":[1],"tags":[],"class_list":["post-32199","post","type-post","status-publish","format-standard","has-post-thumbnail","hentry","category-guncel"],"_links":{"self":[{"href":"https:\/\/www.egemtv.com\/index.php?rest_route=\/wp\/v2\/posts\/32199","targetHints":{"allow":["GET"]}}],"collection":[{"href":"https:\/\/www.egemtv.com\/index.php?rest_route=\/wp\/v2\/posts"}],"about":[{"href":"https:\/\/www.egemtv.com\/index.php?rest_route=\/wp\/v2\/types\/post"}],"author":[{"embeddable":true,"href":"https:\/\/www.egemtv.com\/index.php?rest_route=\/wp\/v2\/users\/1"}],"replies":[{"embeddable":true,"href":"https:\/\/www.egemtv.com\/index.php?rest_route=%2Fwp%2Fv2%2Fcomments&post=32199"}],"version-history":[{"count":1,"href":"https:\/\/www.egemtv.com\/index.php?rest_route=\/wp\/v2\/posts\/32199\/revisions"}],"predecessor-version":[{"id":32201,"href":"https:\/\/www.egemtv.com\/index.php?rest_route=\/wp\/v2\/posts\/32199\/revisions\/32201"}],"wp:featuredmedia":[{"embeddable":true,"href":"https:\/\/www.egemtv.com\/index.php?rest_route=\/wp\/v2\/media\/32200"}],"wp:attachment":[{"href":"https:\/\/www.egemtv.com\/index.php?rest_route=%2Fwp%2Fv2%2Fmedia&parent=32199"}],"wp:term":[{"taxonomy":"category","embeddable":true,"href":"https:\/\/www.egemtv.com\/index.php?rest_route=%2Fwp%2Fv2%2Fcategories&post=32199"},{"taxonomy":"post_tag","embeddable":true,"href":"https:\/\/www.egemtv.com\/index.php?rest_route=%2Fwp%2Fv2%2Ftags&post=32199"}],"curies":[{"name":"wp","href":"https:\/\/api.w.org\/{rel}","templated":true}]}}