{"id":32196,"date":"2025-05-29T13:15:27","date_gmt":"2025-05-29T10:15:27","guid":{"rendered":"https:\/\/www.egemtv.com\/?p=32196"},"modified":"2025-05-29T13:15:32","modified_gmt":"2025-05-29T10:15:32","slug":"merkezefendide-vezneler-bu-hafta-sonu-da-acik-olacak","status":"publish","type":"post","link":"https:\/\/www.egemtv.com\/?p=32196","title":{"rendered":"Merkezefendi\u2019de vezneler bu hafta sonu da a\u00e7\u0131k olacak"},"content":{"rendered":"<p>2025 Y\u0131l\u0131 Emlak, \u00c7evre Temizlik ve \u0130lan Reklam Vergilerinin 1. taksit \u00f6demeleri devam ederken Merkezefendi Belediyesi, 31 May\u0131s Cumartesi ve 1 Haziran Pazar g\u00fcn\u00fc veznelerin hizmet verece\u011fini duyurdu.<\/p>\n<p>2025 Y\u0131l\u0131 Emlak, \u00c7evre Temizlik ve \u0130lan Reklam Vergilerinin 1. Taksit \u00f6demeleri i\u00e7in Merkezefendi Belediyesi\u2019nin vezneleri hafta sonu da hizmet verecek. Merkezefendi Belediyesi ana hizmet binas\u0131ndaki vezneler 31 May\u0131s Cumartesi ve 1 Haziran Pazar g\u00fcn\u00fc 09.00 ile 17.00 saatleri aras\u0131nda hizmet verecek. Vatanda\u015flar vergilerini 2 Haziran Pazartesi g\u00fcn\u00fcne kadar \u00f6deyebilecek.<\/p>\n<p>\u00d6demeler, Merkezefendi Belediyesi Ana Hizmet Binas\u0131 Veznesi, Tapu ve Kadastro 18. B\u00f6lge M\u00fcd\u00fcrl\u00fc\u011f\u00fc Veznesi, Merkezefendi K\u00fclt\u00fcr Merkezi Veznesi ve Merkezefendi Belediyesi web sayfas\u0131ndan ger\u00e7ekle\u015ftiriliyor.<br \/><\/p>\n","protected":false},"excerpt":{"rendered":"<p>2025 Y\u0131l\u0131 Emlak, \u00c7evre Temizlik ve \u0130lan Reklam Vergilerinin 1. taksit \u00f6demeleri devam ederken Merkezefendi Belediyesi, 31 May\u0131s Cumartesi ve 1 Haziran Pazar g\u00fcn\u00fc veznelerin hizmet verece\u011fini duyurdu. 2025 Y\u0131l\u0131 Emlak, \u00c7evre Temizlik ve \u0130lan Reklam Vergilerinin 1. Taksit \u00f6demeleri i\u00e7in Merkezefendi Belediyesi\u2019nin vezneleri hafta sonu da hizmet verecek. Merkezefendi Belediyesi ana hizmet binas\u0131ndaki vezneler&#8230;<\/p>\n","protected":false},"author":1,"featured_media":32197,"comment_status":"open","ping_status":"open","sticky":false,"template":"","format":"standard","meta":{"_crdt_document":"","footnotes":""},"categories":[125],"tags":[],"class_list":["post-32196","post","type-post","status-publish","format-standard","has-post-thumbnail","hentry","category-ekonomi"],"_links":{"self":[{"href":"https:\/\/www.egemtv.com\/index.php?rest_route=\/wp\/v2\/posts\/32196","targetHints":{"allow":["GET"]}}],"collection":[{"href":"https:\/\/www.egemtv.com\/index.php?rest_route=\/wp\/v2\/posts"}],"about":[{"href":"https:\/\/www.egemtv.com\/index.php?rest_route=\/wp\/v2\/types\/post"}],"author":[{"embeddable":true,"href":"https:\/\/www.egemtv.com\/index.php?rest_route=\/wp\/v2\/users\/1"}],"replies":[{"embeddable":true,"href":"https:\/\/www.egemtv.com\/index.php?rest_route=%2Fwp%2Fv2%2Fcomments&post=32196"}],"version-history":[{"count":1,"href":"https:\/\/www.egemtv.com\/index.php?rest_route=\/wp\/v2\/posts\/32196\/revisions"}],"predecessor-version":[{"id":32198,"href":"https:\/\/www.egemtv.com\/index.php?rest_route=\/wp\/v2\/posts\/32196\/revisions\/32198"}],"wp:featuredmedia":[{"embeddable":true,"href":"https:\/\/www.egemtv.com\/index.php?rest_route=\/wp\/v2\/media\/32197"}],"wp:attachment":[{"href":"https:\/\/www.egemtv.com\/index.php?rest_route=%2Fwp%2Fv2%2Fmedia&parent=32196"}],"wp:term":[{"taxonomy":"category","embeddable":true,"href":"https:\/\/www.egemtv.com\/index.php?rest_route=%2Fwp%2Fv2%2Fcategories&post=32196"},{"taxonomy":"post_tag","embeddable":true,"href":"https:\/\/www.egemtv.com\/index.php?rest_route=%2Fwp%2Fv2%2Ftags&post=32196"}],"curies":[{"name":"wp","href":"https:\/\/api.w.org\/{rel}","templated":true}]}}