{"id":32190,"date":"2025-05-29T12:17:57","date_gmt":"2025-05-29T09:17:57","guid":{"rendered":"https:\/\/www.egemtv.com\/?p=32190"},"modified":"2025-05-29T12:18:01","modified_gmt":"2025-05-29T09:18:01","slug":"sarkikaraagacta-belediye-araci-motosikletle-carpisti-3-yarali","status":"publish","type":"post","link":"https:\/\/www.egemtv.com\/?p=32190","title":{"rendered":"\u015earkikaraa\u011fa\u00e7\u2019ta belediye arac\u0131 motosikletle \u00e7arp\u0131\u015ft\u0131: 3 yaral\u0131"},"content":{"rendered":"<p>Isparta\u2019n\u0131n \u015earkikaraa\u011fa\u00e7 il\u00e7esinde belediyeye ait resmi otomobil ile motosikletin \u00e7arp\u0131\u015fmas\u0131 sonucu meydana gelen kazada motosiklette bulunan 3 ki\u015fi yaraland\u0131.<br \/>\n<br \/>Kaza, \u015earkikaraa\u011fa\u00e7 il\u00e7esi Fazl\u0131 Aslan Kav\u015fa\u011f\u0131\u2019nda meydana geldi. Edinilen bilgiye g\u00f6re, \u00d6zg\u00fcr K. idaresindeki 32 SL 056 plakal\u0131 \u00c7ar\u0131ksaraylar Belediyesine ait Volkwagen marka resmi ara\u00e7, M.U.T.\u2019nin (15) kulland\u0131\u011f\u0131 motosikletle kav\u015fakta \u00e7ap\u0131\u015ft\u0131. \u00c7arp\u0131\u015fman\u0131n \u015fiddetiyle yola savrulan motosiklet s\u00fcr\u00fcc\u00fcs\u00fc M.U.T. ve arkas\u0131nda yolcu olarak bulunan Mustafa G. (15) ile Osman \u00dc. yaraland\u0131. Kazay\u0131 g\u00f6renlerin ihbar\u0131 \u00fczerine b\u00f6lgeye polis ve sa\u011fl\u0131k ekipleri sevk edildi. Olay yerine gelen sa\u011fl\u0131k ekiplerinin ilk m\u00fcdahalesinin ard\u0131ndan yaral\u0131lar ambulansla \u015earkikaraa\u011fa\u00e7 Devlet Hastanesi\u2019ne kald\u0131r\u0131ld\u0131.<br \/>\n<br \/>Kazayla ilgili inceleme ba\u015flat\u0131ld\u0131.<br \/><\/p>\n","protected":false},"excerpt":{"rendered":"<p>Isparta\u2019n\u0131n \u015earkikaraa\u011fa\u00e7 il\u00e7esinde belediyeye ait resmi otomobil ile motosikletin \u00e7arp\u0131\u015fmas\u0131 sonucu meydana gelen kazada motosiklette bulunan 3 ki\u015fi yaraland\u0131. Kaza, \u015earkikaraa\u011fa\u00e7 il\u00e7esi Fazl\u0131 Aslan Kav\u015fa\u011f\u0131\u2019nda meydana geldi. Edinilen bilgiye g\u00f6re, \u00d6zg\u00fcr K. idaresindeki 32 SL 056 plakal\u0131 \u00c7ar\u0131ksaraylar Belediyesine ait Volkwagen marka resmi ara\u00e7, M.U.T.\u2019nin (15) kulland\u0131\u011f\u0131 motosikletle kav\u015fakta \u00e7ap\u0131\u015ft\u0131. \u00c7arp\u0131\u015fman\u0131n \u015fiddetiyle yola savrulan motosiklet&#8230;<\/p>\n","protected":false},"author":1,"featured_media":32191,"comment_status":"open","ping_status":"open","sticky":false,"template":"","format":"standard","meta":{"_crdt_document":"","footnotes":""},"categories":[5],"tags":[],"class_list":["post-32190","post","type-post","status-publish","format-standard","has-post-thumbnail","hentry","category-asayis"],"_links":{"self":[{"href":"https:\/\/www.egemtv.com\/index.php?rest_route=\/wp\/v2\/posts\/32190","targetHints":{"allow":["GET"]}}],"collection":[{"href":"https:\/\/www.egemtv.com\/index.php?rest_route=\/wp\/v2\/posts"}],"about":[{"href":"https:\/\/www.egemtv.com\/index.php?rest_route=\/wp\/v2\/types\/post"}],"author":[{"embeddable":true,"href":"https:\/\/www.egemtv.com\/index.php?rest_route=\/wp\/v2\/users\/1"}],"replies":[{"embeddable":true,"href":"https:\/\/www.egemtv.com\/index.php?rest_route=%2Fwp%2Fv2%2Fcomments&post=32190"}],"version-history":[{"count":1,"href":"https:\/\/www.egemtv.com\/index.php?rest_route=\/wp\/v2\/posts\/32190\/revisions"}],"predecessor-version":[{"id":32192,"href":"https:\/\/www.egemtv.com\/index.php?rest_route=\/wp\/v2\/posts\/32190\/revisions\/32192"}],"wp:featuredmedia":[{"embeddable":true,"href":"https:\/\/www.egemtv.com\/index.php?rest_route=\/wp\/v2\/media\/32191"}],"wp:attachment":[{"href":"https:\/\/www.egemtv.com\/index.php?rest_route=%2Fwp%2Fv2%2Fmedia&parent=32190"}],"wp:term":[{"taxonomy":"category","embeddable":true,"href":"https:\/\/www.egemtv.com\/index.php?rest_route=%2Fwp%2Fv2%2Fcategories&post=32190"},{"taxonomy":"post_tag","embeddable":true,"href":"https:\/\/www.egemtv.com\/index.php?rest_route=%2Fwp%2Fv2%2Ftags&post=32190"}],"curies":[{"name":"wp","href":"https:\/\/api.w.org\/{rel}","templated":true}]}}