{"id":32184,"date":"2025-05-29T12:17:46","date_gmt":"2025-05-29T09:17:46","guid":{"rendered":"https:\/\/www.egemtv.com\/?p=32184"},"modified":"2025-05-29T12:17:52","modified_gmt":"2025-05-29T09:17:52","slug":"restoranda-kursun-yagdirdi-benden-surekli-harac-istedi-tehdit-etti-cok-pismanim-dedi","status":"publish","type":"post","link":"https:\/\/www.egemtv.com\/?p=32184","title":{"rendered":"Restoranda kur\u015fun ya\u011fd\u0131rd\u0131, &#8220;Benden s\u00fcrekli hara\u00e7 istedi, tehdit etti, \u00e7ok pi\u015fman\u0131m&#8221; dedi"},"content":{"rendered":"<p>Burdur\u2019da restoranda kar\u015f\u0131la\u015ft\u0131\u011f\u0131 husumetlisini silahla vurarak \u00f6ld\u00fcrmekten tutuklanan san\u0131\u011f\u0131n yarg\u0131lanmas\u0131na ba\u015fland\u0131. Duru\u015fmada san\u0131k \u00f6ld\u00fcrd\u00fc\u011f\u00fc ki\u015finin kendisinden uzun s\u00fcredir hara\u00e7 istedi\u011fini, tehdit ve bask\u0131 alt\u0131nda kald\u0131\u011f\u0131n\u0131 \u00f6ne s\u00fcrerken, maktul\u00fcn ailesi ise olay\u0131n bir plan dahilinde ger\u00e7ekle\u015fti\u011fini belirterek en a\u011f\u0131r cezay\u0131 talep etti.<br \/>\n<br \/>H\u00fcseyin Mete\u2019yi (42) kasten \u00f6ld\u00fcrmek su\u00e7undan tutuklanan Ramazan U\u00e7ar, Burdur 2. A\u011f\u0131r Ceza Mahkemesi\u2019nde g\u00f6r\u00fclen ilk duru\u015fmada hakim kar\u015f\u0131s\u0131na \u00e7\u0131kt\u0131. Duru\u015fmaya san\u0131k U\u00e7ar Ses ve G\u00f6r\u00fcnt\u00fc Bili\u015fim Sistemleri (SEGB\u0130S) ile ba\u011flan\u0131rken, maktul\u00fcn annesi Sevilay Mete, babas\u0131 Nihat Mete, k\u0131z karde\u015fi Nilg\u00fcn Mete ve taraf avukatlar\u0131 salonda haz\u0131r bulundu.<\/p>\n<p>&#8220;Silah\u0131m\u0131 \u00e7ald\u0131, para istedi, tehdit etti&#8221;<br \/>\n<br \/>San\u0131k Ramazan U\u00e7ar, mahkemedeki savunmas\u0131nda H\u00fcseyin Mete ile daha \u00f6nceden ne samimiyetinin ne de husumetinin oldu\u011funu belirterek, olaydan yakla\u015f\u0131k bir hafta \u00f6nce arkada\u015flar\u0131yla birlikte gittikleri mek\u00e2nda H\u00fcseyin ile tan\u0131\u015ft\u0131\u011f\u0131n\u0131, herhangi bir sorun ya\u015fanmad\u0131\u011f\u0131n\u0131 aktard\u0131. U\u00e7ar, ancak sonras\u0131nda H\u00fcseyin ve \u00d6m\u00fcr\u2019\u00fcn ortadan kayboldu\u011funu, kendilerini yar\u0131m saat bekledikten sonra sinirlenip mekandan \u00e7\u0131kt\u0131\u011f\u0131n\u0131, bu s\u0131rada \u00d6m\u00fcr ve H\u00fcseyin\u2019in arabayla gelerek kendisini almak istediklerini ancak sinirli oldu\u011fu i\u00e7in binmedi\u011fini, silah\u0131n\u0131 da mekana girerken arabada b\u0131rakt\u0131\u011f\u0131 i\u00e7in orada kald\u0131\u011f\u0131n\u0131 ve Mete\u2019nin silah\u0131 \u00e7ald\u0131\u011f\u0131n\u0131 \u00f6\u011frendi\u011fini belirtti. U\u00e7ar, H\u00fcseyin Mete\u2019nin kendisinden 15 bin, sonra 50 bin, ard\u0131ndan 60 bin TL hara\u00e7 istedi\u011fini, s\u00fcrekli aray\u0131p ailesine y\u00f6nelik tehditlerde bulundu\u011funu belirterek, &#8220;Kendi silah\u0131n\u0131n mermisini yersin, e\u015finin \u00e7al\u0131\u015ft\u0131\u011f\u0131 yeri biliyorum&#8221; gibi s\u00f6zlerle kendisini ve ailesini tehdit etti\u011fini iddia etti.<br \/>\n<br \/>Mete\u2019nin kendisini geceleri s\u00fcrekli arayarak 60 bin TL istedi\u011fini de s\u00f6yleyen U\u00e7ar, &#8220;Ruhsatl\u0131 silah\u0131m\u0131 ald\u0131\u011f\u0131 i\u00e7in savc\u0131l\u0131\u011fa su\u00e7 duyurusunda bulunmaya giderken H\u00fcseyin \u00d6m\u00fcr\u2019\u00fc arad\u0131, silah\u0131 geri verece\u011fini s\u00f6yledi. Ancak k\u00f6ye d\u00f6nd\u00fc\u011f\u00fcm\u00fczde H\u00fcseyin bizi tehdit etti, \u2019Buradan sa\u011f \u00e7\u0131kamazs\u0131n\u0131z\u2019 dedi. \u00d6m\u00fcr korktu, a\u011flad\u0131. Paray\u0131 verece\u011fimize s\u00f6z verince b\u0131rakt\u0131. \u00d6m\u00fcr, devlet memuru oldu\u011fu i\u00e7in \u2019Paray\u0131 verip kurtulaca\u011f\u0131z\u2019 dedi. Bankadan para \u00e7ekip H\u00fcseyin\u2019e verdik. Tan\u0131mad\u0131\u011f\u0131m\u0131z biri silah\u0131 getirdi. H\u00fcseyin, \u2018\u00d6m\u00fcr cezas\u0131n\u0131 \u00e7ekti, s\u0131ra sende, 50 bin TL vereceksin\u2019 dedi. Ben k\u00f6yde kahvehane i\u015fletiyorum, o g\u00fcnk\u00fc bin 200 TL has\u0131lat\u0131m\u0131 da ald\u0131. Sonra benden haftal\u0131k 2 bin TL ceza paras\u0131 alaca\u011f\u0131n\u0131 s\u00f6yledi ve silah\u0131 bana verdi&#8221; dedi.<\/p>\n<p>&#8220;Olay g\u00fcn\u00fc panikledim, ate\u015f ettim&#8221;<br \/>\n<br \/>Olay g\u00fcn\u00fc ya\u015fananlar\u0131 da anlatan U\u00e7ar, &#8220;Sanayide alkol ald\u0131ktan sonra olay\u0131n ya\u015fand\u0131\u011f\u0131 mekana gittim. H\u00fcseyin Mete daha \u00f6nce s\u00fcrekli beni arayarak para soruyordu, b\u0131kt\u0131\u011f\u0131m i\u00e7in engelledim. Mek\u00e2na girdi\u011fimde i\u00e7eride kimse yoktu, tedirgindim. Hesab\u0131 \u00f6deyip kalkmay\u0131 d\u00fc\u015f\u00fcn\u00fcyordum. \u0130kinci barda\u011f\u0131m\u0131 i\u00e7erken H\u00fcseyin geldi, \u00f6nce giri\u015fte bir masaya oturdu, sonra yan\u0131ma ge\u00e7ti. Bana selam verdi, ben almad\u0131m. \u2019Neden selam\u0131m\u0131 almad\u0131n? Beni engellemi\u015fsin, seni bulamayaca\u011f\u0131m\u0131 sand\u0131n, att\u0131\u011f\u0131n her ad\u0131mdan haberim var\u2019 dedi. Ona k\u0131zg\u0131nd\u0131m, muhatap olmad\u0131m. \u2019Burada yiyip i\u00e7ece\u011fim, hesab\u0131 sen \u00f6deyeceksin, silah\u0131na m\u0131 g\u00fcveniyorsun? Yoksa evde bana s\u0131kard\u0131n\u2019 dedi. \u00c7ok sinirlendim ve silah\u0131 belime dayad\u0131m ama sonra vazge\u00e7tim. H\u00fcseyin silah\u0131 fark ederek \u2019Kameraya dua et, hesab\u0131n\u0131 d\u0131\u015far\u0131da kesece\u011fim\u2019 dedi. Bu tehditler ve k\u00fcf\u00fcrler y\u00fcz\u00fcnden psikolojim bozuldu, sonra bir el ate\u015f ettim. H\u00fcseyin \u00fczerime gelince panikledim, korktum. Ka\u00e7 el ate\u015f etti\u011fimi hat\u0131rlam\u0131yorum. Mek\u00e2ndan \u00e7\u0131kt\u0131m, ka\u00e7may\u0131 d\u00fc\u015f\u00fcnd\u00fcm. Silah\u0131 a\u011fac\u0131n alt\u0131na g\u00f6md\u00fcm. Daha sonra polise teslim oldum ve silah\u0131n yerini g\u00f6sterdim. Benden \u00f6nce hara\u00e7 istememi\u015fti. Olaydan dolay\u0131 \u00e7ok \u00fczg\u00fcn\u00fcm, pi\u015fman\u0131m. Takdir mahkemenindir&#8221; diye konu\u015ftu.<br \/>\n<br \/>H\u00fcseyin Mete\u2019nin babas\u0131 Nihat Mete ise, &#8220;Ramazan olay\u0131n \u00f6ncesinde etraf\u0131ndakilere mekanda H\u00fcseyin\u2019i \u00f6ld\u00fcrece\u011fini anlatm\u0131\u015f. San\u0131\u011f\u0131n bu olay\u0131 tasarlayarak ger\u00e7ekle\u015ftirdi\u011fini d\u00fc\u015f\u00fcn\u00fcyorum. En \u00fcst s\u0131n\u0131rdan cezaland\u0131r\u0131lmas\u0131n\u0131 talep ediyorum&#8221; dedi.<br \/>\n<br \/>H\u00fcseyin Mete\u2019nin annesi Sevilay Mete, &#8220;Silah olay\u0131n\u0131 duydu\u011fumda o\u011fluma \u00e7ok k\u0131zd\u0131m. \u2018Bana yanl\u0131\u015f yapt\u0131lar\u2019 dedi. Silah\u0131 sahiplenmek i\u00e7in almad\u0131\u011f\u0131n\u0131, Ramazan\u2019\u0131n mekan sahibini vurmay\u0131 d\u00fc\u015f\u00fcnd\u00fc\u011f\u00fcn\u00fc, o y\u00fczden ald\u0131\u011f\u0131n\u0131, para istemedi\u011fini s\u00f6yledi. San\u0131k bu olay\u0131 tasarlayarak yapm\u0131\u015ft\u0131r&#8221; diyerek en \u00fcst cezay\u0131 almas\u0131n\u0131 talep etti.<br \/>\n<br \/>H\u00fcseyin Mete\u2019nin k\u0131z karde\u015fi Nilg\u00fcn Mete de, &#8220;A\u011fabeyim bana telefonda olaylar\u0131 anlatm\u0131\u015ft\u0131. Ramazan mekanlarda a\u011fabeyimin ad\u0131n\u0131 kullan\u0131p yiyip, i\u00e7ip, bor\u00e7 yapm\u0131\u015f. A\u011fabeyim bu konuyu konu\u015furken aralar\u0131nda arbede \u00e7\u0131km\u0131\u015f. Ramazan\u2019\u0131n ondan sonra mekan sahibi ile aras\u0131nda husumet olmu\u015f. Ramazan mekan sahibinden \u00f6z\u00fcr dilemi\u015f ama mekan sahibi kabul etmemi\u015f. Sonra Ramazan arabadan silah\u0131 istemi\u015f. O s\u0131rada \u00e7\u0131kan arbedede a\u011fabeyim silah\u0131 alm\u0131\u015f, \u2019Silah ta\u015f\u0131may\u0131 \u00f6\u011frendi\u011finde silah\u0131 benden al\u0131rs\u0131n\u2019 demi\u015f. A\u011fabeyim para istememi\u015f. Ramazan silah\u0131 geri alabilmek i\u00e7in a\u011fabeyime 10 bin lira para teklif etmi\u015f. A\u011fabeyim Ramazan\u2019\u0131n mekanlarda kendisini sordu\u011funu, arad\u0131\u011f\u0131n\u0131 s\u00f6ylemi\u015fti. San\u0131k bu olay\u0131 tasarlayarak ger\u00e7ekle\u015ftirmi\u015ftir. En y\u00fcksek \u015fekilde cezaland\u0131r\u0131lmas\u0131n\u0131 talep ediyorum&#8221; ifadelerini kulland\u0131.<br \/>\n<br \/>Tan\u0131klar\u0131n dinlenmesinin ard\u0131ndan k\u0131sa bir ara veren mahkeme heyeti, san\u0131\u011f\u0131n tutukluluk halinin devam\u0131na karar vererek, duru\u015fmay\u0131 ileri bir tarihe erteledi.<br \/>\n<br \/>Olay, 31 Ekim 2024 tarihinde saat 21.00 s\u0131ralar\u0131nda Burdur merkez Sinan Mahallesi\u2019ndeki bir restoranda meydana geldi. \u0130ddialara g\u00f6re aralar\u0131nda ge\u00e7mi\u015ften gelen husumet bulunan Ramazan U\u00e7ar (36) ve H\u00fcseyin Mete (42) ayn\u0131 mek\u00e2nda kar\u015f\u0131la\u015ft\u0131. Ramazan U\u00e7ar, H\u00fcseyin Mete\u2019nin bulundu\u011fu masaya yak\u0131n bir yere oturduktan k\u0131sa s\u00fcre sonra yan\u0131nda ta\u015f\u0131d\u0131\u011f\u0131 tabanca ile Mete\u2019ye 6 el ate\u015f etti ve olay yerinden ka\u00e7t\u0131. \u0130hbar \u00fczerine olay yerine sa\u011fl\u0131k ve polis ekipleri sevk edildi. Yap\u0131lan kontrollerde H\u00fcseyin Mete\u2019nin olay yerinde hayat\u0131n\u0131 kaybetti\u011fi belirlendi. Polis ekipleri, ka\u00e7an zanl\u0131y\u0131 k\u0131sa s\u00fcrede yakalayarak g\u00f6zalt\u0131na ald\u0131. Emniyetteki i\u015flemlerinin ard\u0131ndan adliyeye sevk edilen U\u00e7ar, \u00e7\u0131kar\u0131ld\u0131\u011f\u0131 mahkemece &#8220;kasten \u00f6ld\u00fcrme su\u00e7undan&#8221; tutuklanarak cezaevine g\u00f6nderildi. Soru\u015fturma kapsam\u0131nda U\u00e7ar hakk\u0131nda tasarlayarak kasten adam \u00f6ld\u00fcrme su\u00e7undan a\u011f\u0131rla\u015ft\u0131r\u0131lm\u0131\u015f m\u00fcebbet hapis cezas\u0131 talebiyle dava a\u00e7\u0131ld\u0131.<br \/><\/p>\n","protected":false},"excerpt":{"rendered":"<p>Burdur\u2019da restoranda kar\u015f\u0131la\u015ft\u0131\u011f\u0131 husumetlisini silahla vurarak \u00f6ld\u00fcrmekten tutuklanan san\u0131\u011f\u0131n yarg\u0131lanmas\u0131na ba\u015fland\u0131. Duru\u015fmada san\u0131k \u00f6ld\u00fcrd\u00fc\u011f\u00fc ki\u015finin kendisinden uzun s\u00fcredir hara\u00e7 istedi\u011fini, tehdit ve bask\u0131 alt\u0131nda kald\u0131\u011f\u0131n\u0131 \u00f6ne s\u00fcrerken, maktul\u00fcn ailesi ise olay\u0131n bir plan dahilinde ger\u00e7ekle\u015fti\u011fini belirterek en a\u011f\u0131r cezay\u0131 talep etti. H\u00fcseyin Mete\u2019yi (42) kasten \u00f6ld\u00fcrmek su\u00e7undan tutuklanan Ramazan U\u00e7ar, Burdur 2. A\u011f\u0131r Ceza Mahkemesi\u2019nde&#8230;<\/p>\n","protected":false},"author":1,"featured_media":32185,"comment_status":"open","ping_status":"open","sticky":false,"template":"","format":"standard","meta":{"_crdt_document":"","footnotes":""},"categories":[5],"tags":[],"class_list":["post-32184","post","type-post","status-publish","format-standard","has-post-thumbnail","hentry","category-asayis"],"_links":{"self":[{"href":"https:\/\/www.egemtv.com\/index.php?rest_route=\/wp\/v2\/posts\/32184","targetHints":{"allow":["GET"]}}],"collection":[{"href":"https:\/\/www.egemtv.com\/index.php?rest_route=\/wp\/v2\/posts"}],"about":[{"href":"https:\/\/www.egemtv.com\/index.php?rest_route=\/wp\/v2\/types\/post"}],"author":[{"embeddable":true,"href":"https:\/\/www.egemtv.com\/index.php?rest_route=\/wp\/v2\/users\/1"}],"replies":[{"embeddable":true,"href":"https:\/\/www.egemtv.com\/index.php?rest_route=%2Fwp%2Fv2%2Fcomments&post=32184"}],"version-history":[{"count":1,"href":"https:\/\/www.egemtv.com\/index.php?rest_route=\/wp\/v2\/posts\/32184\/revisions"}],"predecessor-version":[{"id":32186,"href":"https:\/\/www.egemtv.com\/index.php?rest_route=\/wp\/v2\/posts\/32184\/revisions\/32186"}],"wp:featuredmedia":[{"embeddable":true,"href":"https:\/\/www.egemtv.com\/index.php?rest_route=\/wp\/v2\/media\/32185"}],"wp:attachment":[{"href":"https:\/\/www.egemtv.com\/index.php?rest_route=%2Fwp%2Fv2%2Fmedia&parent=32184"}],"wp:term":[{"taxonomy":"category","embeddable":true,"href":"https:\/\/www.egemtv.com\/index.php?rest_route=%2Fwp%2Fv2%2Fcategories&post=32184"},{"taxonomy":"post_tag","embeddable":true,"href":"https:\/\/www.egemtv.com\/index.php?rest_route=%2Fwp%2Fv2%2Ftags&post=32184"}],"curies":[{"name":"wp","href":"https:\/\/api.w.org\/{rel}","templated":true}]}}