{"id":32151,"date":"2025-05-29T11:36:05","date_gmt":"2025-05-29T08:36:05","guid":{"rendered":"https:\/\/www.egemtv.com\/?p=32151"},"modified":"2025-05-29T11:36:10","modified_gmt":"2025-05-29T08:36:10","slug":"devre-mulk-dolandiriciligi-yapan-yapan-cete-cokertildi","status":"publish","type":"post","link":"https:\/\/www.egemtv.com\/?p=32151","title":{"rendered":"Devre m\u00fclk doland\u0131r\u0131c\u0131l\u0131\u011f\u0131 yapan yapan \u00e7ete \u00e7\u00f6kertildi"},"content":{"rendered":"<p>Devre m\u00fclk sahibi vatanda\u015flar\u0131 arayarak &#8220;devre m\u00fclk\u00fcn\u00fcz\u00fc y\u00fcksek fiyatlara sataca\u011f\u0131z&#8221; vaadi ile 6 milyon TL\u2019lik vurgun yapan \u00e7eteye y\u00f6nelik d\u00fczenlenen operasyonda g\u00f6zalt\u0131na al\u0131nan 20 \u015f\u00fcpheliden 13\u2019\u00fc tutukland\u0131.<br \/>\n<br \/>\u0130zmir Cumhuriyet Ba\u015fsavc\u0131l\u0131\u011f\u0131 koordinesinde Asayi\u015f \u015eube M\u00fcd\u00fcrl\u00fc\u011f\u00fc Doland\u0131r\u0131c\u0131l\u0131k B\u00fcro Amirli\u011fi ekipleri, 2024 ve 2025 y\u0131l\u0131 i\u00e7erisinde devre m\u00fclk sahibi vatanda\u015flar\u0131 arayarak &#8220;devre m\u00fclk\u00fcn\u00fcz\u00fc y\u00fcksek fiyatlara sataca\u011f\u0131z&#8221; vaadi ile ofislerine davet edip ma\u011fdurlardan masraf ve sigorta ad\u0131 alt\u0131nda paralar al\u0131p 9 vatanda\u015f\u0131 6 milyon TL doland\u0131rd\u0131\u011f\u0131 tespit edilen bir \u00e7eteye y\u00f6nelik operasyon d\u00fczenledi. Teknik Takip B\u00fcro, Su\u00e7 Analiz B\u00fcro Amirli\u011fi ve \u0130stihbarat \u015eube M\u00fcd\u00fcrl\u00fc\u011f\u00fc ekipleri ile liderli\u011fini B.E. isimli \u015f\u00fcphelinin yapt\u0131\u011f\u0131 su\u00e7 \u00f6rg\u00fct\u00fcne y\u00f6nelik yap\u0131lan \u00e7al\u0131\u015fmalarda 20 \u015f\u00fcpheli tespit edildi. Soru\u015fturma devam ederken 9 \u015f\u00fcpheli yakalanarak tutukland\u0131. \u0130zmir merkezli \u0130stanbul, Kayseri, Ankara, Mu\u011fla ve Kahramanmara\u015f illerinde 26 May\u0131s g\u00fcn\u00fc yap\u0131lan operasyonla 11 \u015f\u00fcpheli yakalan\u0131p g\u00f6zalt\u0131na al\u0131nd\u0131. Emniyetteki i\u015flemleri tamamlanan 11 \u015f\u00fcpheli \u0130zmir Cumhuriyet Ba\u015fsavc\u0131l\u0131\u011f\u0131na sevk edilirken, 4 \u015f\u00fcpheli daha tutukland\u0131. Soru\u015fturma \u00e7er\u00e7evesinde toplam 13 \u015f\u00fcpheli tutuklanarak cezaevine g\u00f6nderildi.<br \/><\/p>\n","protected":false},"excerpt":{"rendered":"<p>Devre m\u00fclk sahibi vatanda\u015flar\u0131 arayarak &#8220;devre m\u00fclk\u00fcn\u00fcz\u00fc y\u00fcksek fiyatlara sataca\u011f\u0131z&#8221; vaadi ile 6 milyon TL\u2019lik vurgun yapan \u00e7eteye y\u00f6nelik d\u00fczenlenen operasyonda g\u00f6zalt\u0131na al\u0131nan 20 \u015f\u00fcpheliden 13\u2019\u00fc tutukland\u0131. \u0130zmir Cumhuriyet Ba\u015fsavc\u0131l\u0131\u011f\u0131 koordinesinde Asayi\u015f \u015eube M\u00fcd\u00fcrl\u00fc\u011f\u00fc Doland\u0131r\u0131c\u0131l\u0131k B\u00fcro Amirli\u011fi ekipleri, 2024 ve 2025 y\u0131l\u0131 i\u00e7erisinde devre m\u00fclk sahibi vatanda\u015flar\u0131 arayarak &#8220;devre m\u00fclk\u00fcn\u00fcz\u00fc y\u00fcksek fiyatlara sataca\u011f\u0131z&#8221; vaadi ile&#8230;<\/p>\n","protected":false},"author":1,"featured_media":32152,"comment_status":"open","ping_status":"open","sticky":false,"template":"","format":"standard","meta":{"_crdt_document":"","footnotes":""},"categories":[5],"tags":[],"class_list":["post-32151","post","type-post","status-publish","format-standard","has-post-thumbnail","hentry","category-asayis"],"_links":{"self":[{"href":"https:\/\/www.egemtv.com\/index.php?rest_route=\/wp\/v2\/posts\/32151","targetHints":{"allow":["GET"]}}],"collection":[{"href":"https:\/\/www.egemtv.com\/index.php?rest_route=\/wp\/v2\/posts"}],"about":[{"href":"https:\/\/www.egemtv.com\/index.php?rest_route=\/wp\/v2\/types\/post"}],"author":[{"embeddable":true,"href":"https:\/\/www.egemtv.com\/index.php?rest_route=\/wp\/v2\/users\/1"}],"replies":[{"embeddable":true,"href":"https:\/\/www.egemtv.com\/index.php?rest_route=%2Fwp%2Fv2%2Fcomments&post=32151"}],"version-history":[{"count":1,"href":"https:\/\/www.egemtv.com\/index.php?rest_route=\/wp\/v2\/posts\/32151\/revisions"}],"predecessor-version":[{"id":32153,"href":"https:\/\/www.egemtv.com\/index.php?rest_route=\/wp\/v2\/posts\/32151\/revisions\/32153"}],"wp:featuredmedia":[{"embeddable":true,"href":"https:\/\/www.egemtv.com\/index.php?rest_route=\/wp\/v2\/media\/32152"}],"wp:attachment":[{"href":"https:\/\/www.egemtv.com\/index.php?rest_route=%2Fwp%2Fv2%2Fmedia&parent=32151"}],"wp:term":[{"taxonomy":"category","embeddable":true,"href":"https:\/\/www.egemtv.com\/index.php?rest_route=%2Fwp%2Fv2%2Fcategories&post=32151"},{"taxonomy":"post_tag","embeddable":true,"href":"https:\/\/www.egemtv.com\/index.php?rest_route=%2Fwp%2Fv2%2Ftags&post=32151"}],"curies":[{"name":"wp","href":"https:\/\/api.w.org\/{rel}","templated":true}]}}