{"id":32145,"date":"2025-05-29T11:15:53","date_gmt":"2025-05-29T08:15:53","guid":{"rendered":"https:\/\/www.egemtv.com\/?p=32145"},"modified":"2025-05-29T11:15:58","modified_gmt":"2025-05-29T08:15:58","slug":"aydinda-jandarma-ekipleri-ilkokul-ogrencileriyle-bulustu","status":"publish","type":"post","link":"https:\/\/www.egemtv.com\/?p=32145","title":{"rendered":"Ayd\u0131n\u2019da jandarma ekipleri ilkokul \u00f6\u011frencileriyle bulu\u015ftu"},"content":{"rendered":"<p>Ayd\u0131n \u0130l Jandarma Komutanl\u0131\u011f\u0131, Jandarma Te\u015fkilat\u0131\u2019n\u0131n 186. kurulu\u015f y\u0131l d\u00f6n\u00fcm\u00fc etkinlikleri kapsam\u0131nda ilkokul \u00f6\u011frencileri ile bulu\u015farak mesleklerini tan\u0131tt\u0131.<\/p>\n<p>Aile \u0130\u00e7i \u015eiddetle M\u00fccadele ve \u00c7ocuk K\u0131s\u0131m Amirli\u011fi, JAK Tim Komutanl\u0131\u011f\u0131 ve Jandarma K\u00f6pek unsurlar\u0131n\u0131n kat\u0131l\u0131m\u0131yla Nazilli Yavuz Sultan Selim \u0130lkokulu \u00f6\u011frencilerine y\u00f6nelik bilgilendirici bir program d\u00fczenlendi. Etkinlikte jandarma mesle\u011fi \u00f6\u011frencilere tan\u0131t\u0131l\u0131rken, \u00e7ocuklara T\u00fcrk Bayra\u011f\u0131 hediye edildi. \u00d6\u011frenciler, Jandarma Arama Kurtarma (JAK) timi ve k\u00f6pek unsurlar\u0131n\u0131n g\u00f6sterileriyle hem e\u011flendi hem de jandarman\u0131n g\u00f6revleri hakk\u0131nda bilgi sahibi oldu. Program\u0131n sonunda jandarma personeliyle hat\u0131ra foto\u011fraflar\u0131 \u00e7ektiren \u00f6\u011frenciler, unutamayacaklar\u0131 bir g\u00fcn ge\u00e7irdi.<\/p>\n<p>Ayd\u0131n \u0130l Jandarma Komutanl\u0131\u011f\u0131 yetkilileri, bu t\u00fcr etkinliklerin \u00e7ocuklara jandarma sevgisini a\u015f\u0131lamak ve milli de\u011ferleri peki\u015ftirmek ad\u0131na \u00f6nemli oldu\u011funu belirtti.<br \/><\/p>\n","protected":false},"excerpt":{"rendered":"<p>Ayd\u0131n \u0130l Jandarma Komutanl\u0131\u011f\u0131, Jandarma Te\u015fkilat\u0131\u2019n\u0131n 186. kurulu\u015f y\u0131l d\u00f6n\u00fcm\u00fc etkinlikleri kapsam\u0131nda ilkokul \u00f6\u011frencileri ile bulu\u015farak mesleklerini tan\u0131tt\u0131. Aile \u0130\u00e7i \u015eiddetle M\u00fccadele ve \u00c7ocuk K\u0131s\u0131m Amirli\u011fi, JAK Tim Komutanl\u0131\u011f\u0131 ve Jandarma K\u00f6pek unsurlar\u0131n\u0131n kat\u0131l\u0131m\u0131yla Nazilli Yavuz Sultan Selim \u0130lkokulu \u00f6\u011frencilerine y\u00f6nelik bilgilendirici bir program d\u00fczenlendi. Etkinlikte jandarma mesle\u011fi \u00f6\u011frencilere tan\u0131t\u0131l\u0131rken, \u00e7ocuklara T\u00fcrk Bayra\u011f\u0131 hediye edildi&#8230;.<\/p>\n","protected":false},"author":1,"featured_media":32146,"comment_status":"open","ping_status":"open","sticky":false,"template":"","format":"standard","meta":{"_crdt_document":"","footnotes":""},"categories":[1],"tags":[],"class_list":["post-32145","post","type-post","status-publish","format-standard","has-post-thumbnail","hentry","category-guncel"],"_links":{"self":[{"href":"https:\/\/www.egemtv.com\/index.php?rest_route=\/wp\/v2\/posts\/32145","targetHints":{"allow":["GET"]}}],"collection":[{"href":"https:\/\/www.egemtv.com\/index.php?rest_route=\/wp\/v2\/posts"}],"about":[{"href":"https:\/\/www.egemtv.com\/index.php?rest_route=\/wp\/v2\/types\/post"}],"author":[{"embeddable":true,"href":"https:\/\/www.egemtv.com\/index.php?rest_route=\/wp\/v2\/users\/1"}],"replies":[{"embeddable":true,"href":"https:\/\/www.egemtv.com\/index.php?rest_route=%2Fwp%2Fv2%2Fcomments&post=32145"}],"version-history":[{"count":1,"href":"https:\/\/www.egemtv.com\/index.php?rest_route=\/wp\/v2\/posts\/32145\/revisions"}],"predecessor-version":[{"id":32147,"href":"https:\/\/www.egemtv.com\/index.php?rest_route=\/wp\/v2\/posts\/32145\/revisions\/32147"}],"wp:featuredmedia":[{"embeddable":true,"href":"https:\/\/www.egemtv.com\/index.php?rest_route=\/wp\/v2\/media\/32146"}],"wp:attachment":[{"href":"https:\/\/www.egemtv.com\/index.php?rest_route=%2Fwp%2Fv2%2Fmedia&parent=32145"}],"wp:term":[{"taxonomy":"category","embeddable":true,"href":"https:\/\/www.egemtv.com\/index.php?rest_route=%2Fwp%2Fv2%2Fcategories&post=32145"},{"taxonomy":"post_tag","embeddable":true,"href":"https:\/\/www.egemtv.com\/index.php?rest_route=%2Fwp%2Fv2%2Ftags&post=32145"}],"curies":[{"name":"wp","href":"https:\/\/api.w.org\/{rel}","templated":true}]}}