{"id":32142,"date":"2025-05-29T11:15:48","date_gmt":"2025-05-29T08:15:48","guid":{"rendered":"https:\/\/www.egemtv.com\/?p=32142"},"modified":"2025-05-29T11:15:53","modified_gmt":"2025-05-29T08:15:53","slug":"jandarma-orman-yanginlarina-dikkat-cekti","status":"publish","type":"post","link":"https:\/\/www.egemtv.com\/?p=32142","title":{"rendered":"Jandarma, orman yang\u0131nlar\u0131na dikkat \u00e7ekti"},"content":{"rendered":"<p>Ayd\u0131n\u2019\u0131n Didim il\u00e7esinde uygulama ger\u00e7ekle\u015ftiren jandarma ekipleri orman yang\u0131nlar\u0131na dikkat \u00e7ekerek vatanda\u015flar\u0131 bilgilendirdi.<\/p>\n<p>Ayd\u0131n \u0130l Jandarma Komutanl\u0131\u011f\u0131 \u00c7evre Do\u011fa ve Hayvanlar\u0131 Koruma Tim Komutanl\u0131\u011f\u0131 ve Didim \u0130l\u00e7e Jandarma Komutanl\u0131\u011f\u0131nca Didim il\u00e7esi Akb\u00fck Mahallesi\u2019nde uygulama ger\u00e7ekle\u015ftirildi. Yaz mevsiminin gelmesi ile birlikte b\u00f6lgede n\u00fcfusun artmas\u0131 ve yang\u0131nlar\u0131n \u00f6nlenmesi amac\u0131yla \u00e7al\u0131\u015fma ger\u00e7ekle\u015ftiren jandarma ekipleri, ziyaret\u00e7ileri &#8220;Her \u015eey Elimizde&#8221; mottosuyla ormanl\u0131k alanlarda dikkat edilmesi gereken kurallar konusunda bilgilendirdi. Ayr\u0131ca bilgilendirme bro\u015f\u00fcrlerinin de da\u011f\u0131t\u0131ld\u0131\u011f\u0131 uygulamada \u00e7ocuklara da T\u00fcrk bayra\u011f\u0131 ve balon hediye edildi.<br \/><\/p>\n","protected":false},"excerpt":{"rendered":"<p>Ayd\u0131n\u2019\u0131n Didim il\u00e7esinde uygulama ger\u00e7ekle\u015ftiren jandarma ekipleri orman yang\u0131nlar\u0131na dikkat \u00e7ekerek vatanda\u015flar\u0131 bilgilendirdi. Ayd\u0131n \u0130l Jandarma Komutanl\u0131\u011f\u0131 \u00c7evre Do\u011fa ve Hayvanlar\u0131 Koruma Tim Komutanl\u0131\u011f\u0131 ve Didim \u0130l\u00e7e Jandarma Komutanl\u0131\u011f\u0131nca Didim il\u00e7esi Akb\u00fck Mahallesi\u2019nde uygulama ger\u00e7ekle\u015ftirildi. Yaz mevsiminin gelmesi ile birlikte b\u00f6lgede n\u00fcfusun artmas\u0131 ve yang\u0131nlar\u0131n \u00f6nlenmesi amac\u0131yla \u00e7al\u0131\u015fma ger\u00e7ekle\u015ftiren jandarma ekipleri, ziyaret\u00e7ileri &#8220;Her \u015eey Elimizde&#8221;&#8230;<\/p>\n","protected":false},"author":1,"featured_media":32143,"comment_status":"open","ping_status":"open","sticky":false,"template":"","format":"standard","meta":{"_crdt_document":"","footnotes":""},"categories":[5],"tags":[],"class_list":["post-32142","post","type-post","status-publish","format-standard","has-post-thumbnail","hentry","category-asayis"],"_links":{"self":[{"href":"https:\/\/www.egemtv.com\/index.php?rest_route=\/wp\/v2\/posts\/32142","targetHints":{"allow":["GET"]}}],"collection":[{"href":"https:\/\/www.egemtv.com\/index.php?rest_route=\/wp\/v2\/posts"}],"about":[{"href":"https:\/\/www.egemtv.com\/index.php?rest_route=\/wp\/v2\/types\/post"}],"author":[{"embeddable":true,"href":"https:\/\/www.egemtv.com\/index.php?rest_route=\/wp\/v2\/users\/1"}],"replies":[{"embeddable":true,"href":"https:\/\/www.egemtv.com\/index.php?rest_route=%2Fwp%2Fv2%2Fcomments&post=32142"}],"version-history":[{"count":1,"href":"https:\/\/www.egemtv.com\/index.php?rest_route=\/wp\/v2\/posts\/32142\/revisions"}],"predecessor-version":[{"id":32144,"href":"https:\/\/www.egemtv.com\/index.php?rest_route=\/wp\/v2\/posts\/32142\/revisions\/32144"}],"wp:featuredmedia":[{"embeddable":true,"href":"https:\/\/www.egemtv.com\/index.php?rest_route=\/wp\/v2\/media\/32143"}],"wp:attachment":[{"href":"https:\/\/www.egemtv.com\/index.php?rest_route=%2Fwp%2Fv2%2Fmedia&parent=32142"}],"wp:term":[{"taxonomy":"category","embeddable":true,"href":"https:\/\/www.egemtv.com\/index.php?rest_route=%2Fwp%2Fv2%2Fcategories&post=32142"},{"taxonomy":"post_tag","embeddable":true,"href":"https:\/\/www.egemtv.com\/index.php?rest_route=%2Fwp%2Fv2%2Ftags&post=32142"}],"curies":[{"name":"wp","href":"https:\/\/api.w.org\/{rel}","templated":true}]}}