{"id":32139,"date":"2025-05-29T11:15:39","date_gmt":"2025-05-29T08:15:39","guid":{"rendered":"https:\/\/www.egemtv.com\/?p=32139"},"modified":"2025-05-29T11:15:48","modified_gmt":"2025-05-29T08:15:48","slug":"sisama-can-simidi-ile-gecmeye-calisirken-yakalandi","status":"publish","type":"post","link":"https:\/\/www.egemtv.com\/?p=32139","title":{"rendered":"Sisam\u2019a can simidi ile ge\u00e7meye \u00e7al\u0131\u015f\u0131rken yakaland\u0131"},"content":{"rendered":"<p>Ayd\u0131n\u2019\u0131n Ku\u015fadas\u0131 il\u00e7esindeki Dilek Yar\u0131madas\u0131 Milli Park\u0131\u2019ndan, can simidi ve paletle Yunanistan\u2019\u0131n Sisam adas\u0131na ge\u00e7meye \u00e7al\u0131\u015ft\u0131\u011f\u0131 tespit edilen bir d\u00fczensiz g\u00f6\u00e7men jandarma ekipleri taraf\u0131ndan yakaland\u0131.<br \/>\n<br \/>Ku\u015fadas\u0131 \u0130l\u00e7e Jandarma Komutanl\u0131\u011f\u0131 taraf\u0131ndan g\u00f6\u00e7men ka\u00e7ak\u00e7\u0131l\u0131\u011f\u0131 ve insan ticareti su\u00e7una y\u00f6nelik \u00e7al\u0131\u015fmalar s\u00fcr\u00fcyor. Ku\u015fadas\u0131 \u0130l\u00e7e Jandarma Komutanl\u0131\u011f\u0131, Kavakl\u0131 Jandarma Karakol Komutanl\u0131\u011f\u0131nca Dilek Yar\u0131madas\u0131 Milli Park\u0131 \u0130\u00e7meler Koyu b\u00f6lgesinde icra edilen devriye faaliyetinde Yunanistan\u2019\u0131n Sisam adas\u0131na palet ve can simidi ile ge\u00e7meye \u00e7al\u0131\u015faca\u011f\u0131 tespit edilen (N.S) isimli kad\u0131n d\u00fczensiz g\u00f6\u00e7men yakaland\u0131. D\u00fczensiz g\u00f6\u00e7menin 2023 y\u0131l\u0131nda da \u00c7anakkale ilinden yasad\u0131\u015f\u0131 olarak ge\u00e7meye \u00e7al\u0131\u015ft\u0131\u011f\u0131 esnada yakaland\u0131\u011f\u0131 tespit edildi. Yakalanan d\u00fczensiz g\u00f6\u00e7men D\u00fczensiz G\u00f6\u00e7men \u00d6n Kabul ve Sevk Merkezi\u2019ne (G\u00d6KSEM) teslim edildi.<br \/><\/p>\n","protected":false},"excerpt":{"rendered":"<p>Ayd\u0131n\u2019\u0131n Ku\u015fadas\u0131 il\u00e7esindeki Dilek Yar\u0131madas\u0131 Milli Park\u0131\u2019ndan, can simidi ve paletle Yunanistan\u2019\u0131n Sisam adas\u0131na ge\u00e7meye \u00e7al\u0131\u015ft\u0131\u011f\u0131 tespit edilen bir d\u00fczensiz g\u00f6\u00e7men jandarma ekipleri taraf\u0131ndan yakaland\u0131. Ku\u015fadas\u0131 \u0130l\u00e7e Jandarma Komutanl\u0131\u011f\u0131 taraf\u0131ndan g\u00f6\u00e7men ka\u00e7ak\u00e7\u0131l\u0131\u011f\u0131 ve insan ticareti su\u00e7una y\u00f6nelik \u00e7al\u0131\u015fmalar s\u00fcr\u00fcyor. Ku\u015fadas\u0131 \u0130l\u00e7e Jandarma Komutanl\u0131\u011f\u0131, Kavakl\u0131 Jandarma Karakol Komutanl\u0131\u011f\u0131nca Dilek Yar\u0131madas\u0131 Milli Park\u0131 \u0130\u00e7meler Koyu b\u00f6lgesinde icra&#8230;<\/p>\n","protected":false},"author":1,"featured_media":32140,"comment_status":"open","ping_status":"open","sticky":false,"template":"","format":"standard","meta":{"_crdt_document":"","footnotes":""},"categories":[5],"tags":[],"class_list":["post-32139","post","type-post","status-publish","format-standard","has-post-thumbnail","hentry","category-asayis"],"_links":{"self":[{"href":"https:\/\/www.egemtv.com\/index.php?rest_route=\/wp\/v2\/posts\/32139","targetHints":{"allow":["GET"]}}],"collection":[{"href":"https:\/\/www.egemtv.com\/index.php?rest_route=\/wp\/v2\/posts"}],"about":[{"href":"https:\/\/www.egemtv.com\/index.php?rest_route=\/wp\/v2\/types\/post"}],"author":[{"embeddable":true,"href":"https:\/\/www.egemtv.com\/index.php?rest_route=\/wp\/v2\/users\/1"}],"replies":[{"embeddable":true,"href":"https:\/\/www.egemtv.com\/index.php?rest_route=%2Fwp%2Fv2%2Fcomments&post=32139"}],"version-history":[{"count":1,"href":"https:\/\/www.egemtv.com\/index.php?rest_route=\/wp\/v2\/posts\/32139\/revisions"}],"predecessor-version":[{"id":32141,"href":"https:\/\/www.egemtv.com\/index.php?rest_route=\/wp\/v2\/posts\/32139\/revisions\/32141"}],"wp:featuredmedia":[{"embeddable":true,"href":"https:\/\/www.egemtv.com\/index.php?rest_route=\/wp\/v2\/media\/32140"}],"wp:attachment":[{"href":"https:\/\/www.egemtv.com\/index.php?rest_route=%2Fwp%2Fv2%2Fmedia&parent=32139"}],"wp:term":[{"taxonomy":"category","embeddable":true,"href":"https:\/\/www.egemtv.com\/index.php?rest_route=%2Fwp%2Fv2%2Fcategories&post=32139"},{"taxonomy":"post_tag","embeddable":true,"href":"https:\/\/www.egemtv.com\/index.php?rest_route=%2Fwp%2Fv2%2Ftags&post=32139"}],"curies":[{"name":"wp","href":"https:\/\/api.w.org\/{rel}","templated":true}]}}