{"id":32136,"date":"2025-05-29T11:15:35","date_gmt":"2025-05-29T08:15:35","guid":{"rendered":"https:\/\/www.egemtv.com\/?p=32136"},"modified":"2025-05-29T11:15:39","modified_gmt":"2025-05-29T08:15:39","slug":"denizlide-209-kavsak-ve-yollar-kameralarla-denetleniyor","status":"publish","type":"post","link":"https:\/\/www.egemtv.com\/?p=32136","title":{"rendered":"Denizli\u2019de 209 kav\u015fak ve yollar kameralarla denetleniyor"},"content":{"rendered":"<p>Denizli \u0130l Emniyet M\u00fcd\u00fcrl\u00fc\u011f\u00fc Trafik Denetleme \u015eube M\u00fcd\u00fcrl\u00fc\u011f\u00fc ekipleri, trafik kazalar\u0131na ba\u011fl\u0131 can ve mal kay\u0131plar\u0131n\u0131 \u00f6nlemek ve vatanda\u015flar\u0131n g\u00fcvenli bir \u015fekilde seyahat etmelerini sa\u011flamak amac\u0131yla Denizli\u2019de \u00e7e\u015fitli yol ve kav\u015faklarda, Kent G\u00fcvenli\u011fi Y\u00f6netim Sistemleri (KGYS) \u00fczerinden denetimlerini s\u00fcrd\u00fcr\u00fcyor.<\/p>\n<p>Denizli\u2019de, trafik kazalar\u0131na ba\u011fl\u0131 can ve mal kay\u0131plar\u0131n\u0131 \u00f6nlemek, vatanda\u015flar\u0131n g\u00fcvenli bir \u015fekilde seyahat etmelerini sa\u011flamak amac\u0131yla Denizli \u0130l Emniyet M\u00fcd\u00fcrl\u00fc\u011f\u00fc Trafik Denetleme \u015eube M\u00fcd\u00fcrl\u00fc\u011f\u00fc ekipleri 209 kav\u015fak ve yollarda bulunan KGYS\u2019leri saniye saniye inceleyerek trafik denetimlerini s\u00fcrd\u00fcr\u00fcyor. KGYS denetimlerinde  k\u0131rm\u0131z\u0131 \u0131\u015f\u0131k ihlalleri, emniyet kemeri, seyir halinde cep telefonu kullan\u0131m\u0131, motosiklet kullan\u0131c\u0131lar\u0131nda kask, yaya ge\u00e7i\u015f \u00f6nceli\u011fi, \u00dc\u00e7gen K\u00f6pr\u00fcl\u00fc Kav\u015fa\u011f\u0131nda \u015ferit ihlali kontrolleri, trafik i\u015faret ve levhalar\u0131na s\u00fcr\u00fcc\u00fclerin uyup uymad\u0131klar\u0131 kontrol edilmekte. KGYS\u2019den tespit edilen kural ihlallerinde idari para cezas\u0131 uygulan\u0131yor.<\/p>\n<p>Denizli \u0130l Emniyet M\u00fcd\u00fcrl\u00fc\u011f\u00fc taraf\u0131ndan yap\u0131lan a\u00e7\u0131klamada, S\u00fcr\u00fcc\u00fclerin, \u00f6ncelikle trafikte can ve mal kay\u0131plar\u0131n\u0131 \u00f6nlemek ad\u0131na trafik i\u015faret ve levhalar\u0131na uymalar\u0131 konusunda uyar\u0131larda bulunuldu.<br \/><\/p>\n","protected":false},"excerpt":{"rendered":"<p>Denizli \u0130l Emniyet M\u00fcd\u00fcrl\u00fc\u011f\u00fc Trafik Denetleme \u015eube M\u00fcd\u00fcrl\u00fc\u011f\u00fc ekipleri, trafik kazalar\u0131na ba\u011fl\u0131 can ve mal kay\u0131plar\u0131n\u0131 \u00f6nlemek ve vatanda\u015flar\u0131n g\u00fcvenli bir \u015fekilde seyahat etmelerini sa\u011flamak amac\u0131yla Denizli\u2019de \u00e7e\u015fitli yol ve kav\u015faklarda, Kent G\u00fcvenli\u011fi Y\u00f6netim Sistemleri (KGYS) \u00fczerinden denetimlerini s\u00fcrd\u00fcr\u00fcyor. Denizli\u2019de, trafik kazalar\u0131na ba\u011fl\u0131 can ve mal kay\u0131plar\u0131n\u0131 \u00f6nlemek, vatanda\u015flar\u0131n g\u00fcvenli bir \u015fekilde seyahat etmelerini sa\u011flamak&#8230;<\/p>\n","protected":false},"author":1,"featured_media":32137,"comment_status":"open","ping_status":"open","sticky":false,"template":"","format":"standard","meta":{"_crdt_document":"","footnotes":""},"categories":[5],"tags":[],"class_list":["post-32136","post","type-post","status-publish","format-standard","has-post-thumbnail","hentry","category-asayis"],"_links":{"self":[{"href":"https:\/\/www.egemtv.com\/index.php?rest_route=\/wp\/v2\/posts\/32136","targetHints":{"allow":["GET"]}}],"collection":[{"href":"https:\/\/www.egemtv.com\/index.php?rest_route=\/wp\/v2\/posts"}],"about":[{"href":"https:\/\/www.egemtv.com\/index.php?rest_route=\/wp\/v2\/types\/post"}],"author":[{"embeddable":true,"href":"https:\/\/www.egemtv.com\/index.php?rest_route=\/wp\/v2\/users\/1"}],"replies":[{"embeddable":true,"href":"https:\/\/www.egemtv.com\/index.php?rest_route=%2Fwp%2Fv2%2Fcomments&post=32136"}],"version-history":[{"count":1,"href":"https:\/\/www.egemtv.com\/index.php?rest_route=\/wp\/v2\/posts\/32136\/revisions"}],"predecessor-version":[{"id":32138,"href":"https:\/\/www.egemtv.com\/index.php?rest_route=\/wp\/v2\/posts\/32136\/revisions\/32138"}],"wp:featuredmedia":[{"embeddable":true,"href":"https:\/\/www.egemtv.com\/index.php?rest_route=\/wp\/v2\/media\/32137"}],"wp:attachment":[{"href":"https:\/\/www.egemtv.com\/index.php?rest_route=%2Fwp%2Fv2%2Fmedia&parent=32136"}],"wp:term":[{"taxonomy":"category","embeddable":true,"href":"https:\/\/www.egemtv.com\/index.php?rest_route=%2Fwp%2Fv2%2Fcategories&post=32136"},{"taxonomy":"post_tag","embeddable":true,"href":"https:\/\/www.egemtv.com\/index.php?rest_route=%2Fwp%2Fv2%2Ftags&post=32136"}],"curies":[{"name":"wp","href":"https:\/\/api.w.org\/{rel}","templated":true}]}}