{"id":32133,"date":"2025-05-29T10:56:25","date_gmt":"2025-05-29T07:56:25","guid":{"rendered":"https:\/\/www.egemtv.com\/?p=32133"},"modified":"2025-05-29T10:56:30","modified_gmt":"2025-05-29T07:56:30","slug":"karacaali-ilkokulunda-son-kontroller-yapildi","status":"publish","type":"post","link":"https:\/\/www.egemtv.com\/?p=32133","title":{"rendered":"Karacaali \u0130lkokulu\u2019nda son kontroller yap\u0131ld\u0131"},"content":{"rendered":"<p>Manisa\u2019n\u0131n Sar\u0131g\u00f6l il\u00e7esine ba\u011fl\u0131 Karacaali Mahallesi\u2019nde yap\u0131m\u0131 tamamlanan ilkokul binas\u0131nda son kontroller ger\u00e7ekle\u015ftirildi. Okulun, 2025-2026 e\u011fitim-\u00f6\u011fretim y\u0131l\u0131nda hizmete a\u00e7\u0131laca\u011f\u0131 bildirildi.<br \/>\n<br \/>Manisa Valili\u011fi Yat\u0131r\u0131m \u0130zleme ve Koordinasyon Ba\u015fkanl\u0131\u011f\u0131 yetkilileri ile Sar\u0131g\u00f6l \u0130l\u00e7e Milli E\u011fitim M\u00fcd\u00fcr\u00fc Cezmi Y\u0131ld\u0131rak, Karacaali \u0130lkokulu in\u015faat\u0131nda incelemelerde bulundu.<br \/>\n<br \/>\u0130nceleme sonras\u0131 a\u00e7\u0131klamada bulunan Sar\u0131g\u00f6l \u0130l\u00e7e Milli E\u011fitim M\u00fcd\u00fcr\u00fc Cezmi Y\u0131ld\u0131rak, &#8220;Bakanl\u0131\u011f\u0131m\u0131z taraf\u0131ndan s\u0131ra, masa ve dolap gibi donat\u0131m ihtiya\u00e7lar\u0131 da kar\u015f\u0131lanan okulumuz, yeni e\u011fitim-\u00f6\u011fretim y\u0131l\u0131nda \u00f6\u011frencilerimize hizmet vermeye ba\u015flayacakt\u0131r. Allah devletimize zeval vermesin.&#8221; ifadelerini kulland\u0131.<br \/><\/p>\n","protected":false},"excerpt":{"rendered":"<p>Manisa\u2019n\u0131n Sar\u0131g\u00f6l il\u00e7esine ba\u011fl\u0131 Karacaali Mahallesi\u2019nde yap\u0131m\u0131 tamamlanan ilkokul binas\u0131nda son kontroller ger\u00e7ekle\u015ftirildi. Okulun, 2025-2026 e\u011fitim-\u00f6\u011fretim y\u0131l\u0131nda hizmete a\u00e7\u0131laca\u011f\u0131 bildirildi. Manisa Valili\u011fi Yat\u0131r\u0131m \u0130zleme ve Koordinasyon Ba\u015fkanl\u0131\u011f\u0131 yetkilileri ile Sar\u0131g\u00f6l \u0130l\u00e7e Milli E\u011fitim M\u00fcd\u00fcr\u00fc Cezmi Y\u0131ld\u0131rak, Karacaali \u0130lkokulu in\u015faat\u0131nda incelemelerde bulundu. \u0130nceleme sonras\u0131 a\u00e7\u0131klamada bulunan Sar\u0131g\u00f6l \u0130l\u00e7e Milli E\u011fitim M\u00fcd\u00fcr\u00fc Cezmi Y\u0131ld\u0131rak, &#8220;Bakanl\u0131\u011f\u0131m\u0131z taraf\u0131ndan s\u0131ra,&#8230;<\/p>\n","protected":false},"author":1,"featured_media":32134,"comment_status":"open","ping_status":"open","sticky":false,"template":"","format":"standard","meta":{"_crdt_document":"","footnotes":""},"categories":[1],"tags":[],"class_list":["post-32133","post","type-post","status-publish","format-standard","has-post-thumbnail","hentry","category-guncel"],"_links":{"self":[{"href":"https:\/\/www.egemtv.com\/index.php?rest_route=\/wp\/v2\/posts\/32133","targetHints":{"allow":["GET"]}}],"collection":[{"href":"https:\/\/www.egemtv.com\/index.php?rest_route=\/wp\/v2\/posts"}],"about":[{"href":"https:\/\/www.egemtv.com\/index.php?rest_route=\/wp\/v2\/types\/post"}],"author":[{"embeddable":true,"href":"https:\/\/www.egemtv.com\/index.php?rest_route=\/wp\/v2\/users\/1"}],"replies":[{"embeddable":true,"href":"https:\/\/www.egemtv.com\/index.php?rest_route=%2Fwp%2Fv2%2Fcomments&post=32133"}],"version-history":[{"count":1,"href":"https:\/\/www.egemtv.com\/index.php?rest_route=\/wp\/v2\/posts\/32133\/revisions"}],"predecessor-version":[{"id":32135,"href":"https:\/\/www.egemtv.com\/index.php?rest_route=\/wp\/v2\/posts\/32133\/revisions\/32135"}],"wp:featuredmedia":[{"embeddable":true,"href":"https:\/\/www.egemtv.com\/index.php?rest_route=\/wp\/v2\/media\/32134"}],"wp:attachment":[{"href":"https:\/\/www.egemtv.com\/index.php?rest_route=%2Fwp%2Fv2%2Fmedia&parent=32133"}],"wp:term":[{"taxonomy":"category","embeddable":true,"href":"https:\/\/www.egemtv.com\/index.php?rest_route=%2Fwp%2Fv2%2Fcategories&post=32133"},{"taxonomy":"post_tag","embeddable":true,"href":"https:\/\/www.egemtv.com\/index.php?rest_route=%2Fwp%2Fv2%2Ftags&post=32133"}],"curies":[{"name":"wp","href":"https:\/\/api.w.org\/{rel}","templated":true}]}}