{"id":32127,"date":"2025-05-29T10:36:41","date_gmt":"2025-05-29T07:36:41","guid":{"rendered":"https:\/\/www.egemtv.com\/?p=32127"},"modified":"2025-05-29T10:36:46","modified_gmt":"2025-05-29T07:36:46","slug":"muglada-genc-girisimciler-teknoloji-tabanli-is-fikirleriyle-sahneye-cikti","status":"publish","type":"post","link":"https:\/\/www.egemtv.com\/?p=32127","title":{"rendered":"Mu\u011fla\u2019da gen\u00e7 giri\u015fimciler teknoloji tabanl\u0131 i\u015f fikirleriyle sahneye \u00e7\u0131kt\u0131"},"content":{"rendered":"<p>Mu\u011fla Teknopark\u2019ta, GEKA i\u015f birli\u011fi ve Teknopark \u0130zmir ment\u00f6rl\u00fc\u011f\u00fcnde d\u00fczenlenen Mu\u011fla Teknogiri\u015fim E\u011fitim ve Ment\u00f6rl\u00fck Program\u0131 ba\u015far\u0131yla tamamland\u0131. E\u011fitimlerin ard\u0131ndan ba\u015far\u0131l\u0131 olan ekipler, d\u00fczenlenen t\u00f6renle kat\u0131l\u0131m belgelerini ald\u0131.<\/p>\n<p>Mu\u011fla S\u0131tk\u0131 Ko\u00e7man \u00dcniversitesi (MSK\u00dc) ve sanayi i\u015f birli\u011finde ileri teknolojiye ula\u015fmak, katma de\u011feri y\u00fcksek \u00fcr\u00fcnleri elde etmek ve b\u00f6lgeye sermaye ak\u0131\u015f\u0131 ile istihdam sa\u011flamak amac\u0131yla kurulan Mu\u011fla Teknopark \u2018ta, G\u00fcney Ege Kalk\u0131nma Ajans\u0131 (GEKA) i\u015f birli\u011fi ve Teknopark \u0130zmir ment\u00f6rl\u00fc\u011f\u00fcnde Mu\u011fla Teknogiri\u015fim E\u011fitim ve Ment\u00f6rl\u00fck Program\u0131 d\u00fczenlendi.<\/p>\n<p>14-15 May\u0131s ve 21-22 May\u0131s tarihlerinde ba\u015far\u0131yla ger\u00e7ekle\u015ftirilen programda, yo\u011fun e\u011fitimlerin ard\u0131ndan ba\u015far\u0131l\u0131 olan ekipler, d\u00fczenlenen t\u00f6renle kat\u0131l\u0131m belgelerini ald\u0131.<\/p>\n<p>Giri\u015fimci ruhunu teknolojiyle birle\u015ftirmeyi hedefleyen gen\u00e7 beyinler, program boyunca ald\u0131klar\u0131 kapsaml\u0131 e\u011fitimlerle i\u015f fikirlerini geli\u015ftirme ve hayata ge\u00e7irme yolunda \u00f6nemli ad\u0131mlar att\u0131.<\/p>\n<p>Programda ekiplerin \u00fczerinde \u00e7al\u0131\u015ft\u0131\u011f\u0131 proje bran\u015flar\u0131, b\u00f6lgenin ve gelece\u011fin ihtiya\u00e7lar\u0131na y\u00f6nelik yenilik\u00e7i yakla\u015f\u0131mlar sergiledi.<\/p>\n<p>Bu bran\u015flar aras\u0131nda Ak\u0131ll\u0131 Ar\u0131c\u0131l\u0131k Teknolojisi, Ak\u0131ll\u0131 \u015eehir Teknolojisi, Ak\u0131ll\u0131 Tar\u0131m Otomasyonu, Chatbot Sistemi, Dijital Oyun Tasar\u0131m\u0131, Drone Teknolojisi, Enerji Analiti\u011fi, Ger\u00e7ek Zamanl\u0131 Multiplayer Oyun, Giyilebilir Sa\u011fl\u0131k Cihaz\u0131, Metaverse M\u00fczecili\u011fi, Ruh Sa\u011fl\u0131\u011f\u0131 Teknolojisi ve Siber G\u00fcvenlik Otomasyonu gibi dikkat \u00e7ekici alanlar yer ald\u0131.<\/p>\n<p>Ba\u015far\u0131l\u0131 ekiplere kat\u0131l\u0131m belgeleri, Mu\u011fla Teknopark Y\u00f6netim Kurulu Ba\u015fkan\u0131 Prof. Dr. Turhan Ka\u00e7ar, Y\u00f6netim Kurulu Ba\u015fkan Yard\u0131mc\u0131s\u0131 B\u00fclent Karaku\u015f, Y\u00f6netim Kurulu \u00dcyesi Mehmet Di\u015fcigil ve G\u00fcney Ege Kalk\u0131nma Ajans\u0131 Genel Sekreteri \u00dcmit G\u00fclya\u011f\u0131 taraf\u0131ndan takdim edildi.<\/p>\n<p>Bu \u00f6nemli program, Mu\u011fla Teknopark Genel M\u00fcd\u00fcr\u00fc Do\u00e7. Dr. Utkucan \u015eahin, Genel M\u00fcd\u00fcr Yard\u0131mc\u0131s\u0131 Dr. \u00d6\u011fretim \u00dcyesi F\u0131rat Botan \u015ean ve TTO ve Proje Sorumlusu Dr. U\u011fur Bek\u00e7iba\u015f\u0131\u2019n\u0131n haz\u0131rl\u0131klar\u0131, GEKA\u2019n\u0131n g\u00fc\u00e7l\u00fc i\u015f birli\u011fi ve Teknopark \u0130zmir\u2019in katk\u0131lar\u0131yla hayata ge\u00e7irildi.<\/p>\n<p>Teknopark \u0130zmir Genel M\u00fcd\u00fcr\u00fc Sinan Y\u0131lmaz ve alan\u0131nda uzman ekibi, program boyunca gen\u00e7 giri\u015fimcilere ment\u00f6rl\u00fck deste\u011fi sa\u011flayarak tecr\u00fcbelerini aktard\u0131.<\/p>\n<p>Teknopark \u0130zmir\u2019den programa destek veren ment\u00f6r kadrosunda FSMH Koordinat\u00f6r\u00fc Miray Karakuzu, Finans Dan\u0131\u015fman\u0131 \u00c7a\u011fda\u015f Atalay, TTO Y\u00f6neticisi Burak K\u00f6le ve \u0130\u015f Geli\u015ftirme Uzman\u0131 \u0130rem Nur Demir gibi isimlerin yan\u0131 s\u0131ra Ya\u015far Law Office Kurucu Avukat\u0131 Ahmet Ya\u015far da hukuki s\u00fcre\u00e7ler konusunda giri\u015fimcilere yol g\u00f6sterdi.<\/p>\n<p>Tabu Solutions Y\u00f6netici Orta\u011f\u0131 Miray \u015eanl\u0131\u2019n\u0131n da giri\u015fimcilik ekosistemine katk\u0131lar\u0131yla program zenginle\u015fti.<\/p>\n<p>Mu\u011fla Teknogiri\u015fim E\u011fitim ve Ment\u00f6rl\u00fck Program\u0131, b\u00f6lgedeki 18-30 ya\u015f aras\u0131 \u00fcniversite \u00f6\u011frencileri, akademisyenler ve Mu\u011fla\u2019da ikamet eden gen\u00e7lerin teknoloji tabanl\u0131 i\u015f fikirlerini olgunla\u015ft\u0131rmalar\u0131na ve giri\u015fimcilik yolculuklar\u0131nda ihtiya\u00e7 duyacaklar\u0131 bilgi ve a\u011flara ula\u015fmalar\u0131na imkan sa\u011flad\u0131.<br \/><\/p>\n","protected":false},"excerpt":{"rendered":"<p>Mu\u011fla Teknopark\u2019ta, GEKA i\u015f birli\u011fi ve Teknopark \u0130zmir ment\u00f6rl\u00fc\u011f\u00fcnde d\u00fczenlenen Mu\u011fla Teknogiri\u015fim E\u011fitim ve Ment\u00f6rl\u00fck Program\u0131 ba\u015far\u0131yla tamamland\u0131. E\u011fitimlerin ard\u0131ndan ba\u015far\u0131l\u0131 olan ekipler, d\u00fczenlenen t\u00f6renle kat\u0131l\u0131m belgelerini ald\u0131. Mu\u011fla S\u0131tk\u0131 Ko\u00e7man \u00dcniversitesi (MSK\u00dc) ve sanayi i\u015f birli\u011finde ileri teknolojiye ula\u015fmak, katma de\u011feri y\u00fcksek \u00fcr\u00fcnleri elde etmek ve b\u00f6lgeye sermaye ak\u0131\u015f\u0131 ile istihdam sa\u011flamak amac\u0131yla kurulan&#8230;<\/p>\n","protected":false},"author":1,"featured_media":32128,"comment_status":"open","ping_status":"open","sticky":false,"template":"","format":"standard","meta":{"_crdt_document":"","footnotes":""},"categories":[124],"tags":[],"class_list":["post-32127","post","type-post","status-publish","format-standard","has-post-thumbnail","hentry","category-bilim"],"_links":{"self":[{"href":"https:\/\/www.egemtv.com\/index.php?rest_route=\/wp\/v2\/posts\/32127","targetHints":{"allow":["GET"]}}],"collection":[{"href":"https:\/\/www.egemtv.com\/index.php?rest_route=\/wp\/v2\/posts"}],"about":[{"href":"https:\/\/www.egemtv.com\/index.php?rest_route=\/wp\/v2\/types\/post"}],"author":[{"embeddable":true,"href":"https:\/\/www.egemtv.com\/index.php?rest_route=\/wp\/v2\/users\/1"}],"replies":[{"embeddable":true,"href":"https:\/\/www.egemtv.com\/index.php?rest_route=%2Fwp%2Fv2%2Fcomments&post=32127"}],"version-history":[{"count":1,"href":"https:\/\/www.egemtv.com\/index.php?rest_route=\/wp\/v2\/posts\/32127\/revisions"}],"predecessor-version":[{"id":32129,"href":"https:\/\/www.egemtv.com\/index.php?rest_route=\/wp\/v2\/posts\/32127\/revisions\/32129"}],"wp:featuredmedia":[{"embeddable":true,"href":"https:\/\/www.egemtv.com\/index.php?rest_route=\/wp\/v2\/media\/32128"}],"wp:attachment":[{"href":"https:\/\/www.egemtv.com\/index.php?rest_route=%2Fwp%2Fv2%2Fmedia&parent=32127"}],"wp:term":[{"taxonomy":"category","embeddable":true,"href":"https:\/\/www.egemtv.com\/index.php?rest_route=%2Fwp%2Fv2%2Fcategories&post=32127"},{"taxonomy":"post_tag","embeddable":true,"href":"https:\/\/www.egemtv.com\/index.php?rest_route=%2Fwp%2Fv2%2Ftags&post=32127"}],"curies":[{"name":"wp","href":"https:\/\/api.w.org\/{rel}","templated":true}]}}