{"id":32124,"date":"2025-05-29T10:36:38","date_gmt":"2025-05-29T07:36:38","guid":{"rendered":"https:\/\/www.egemtv.com\/?p=32124"},"modified":"2025-05-29T10:36:41","modified_gmt":"2025-05-29T07:36:41","slug":"buyuksehirin-satranc-turnuvasinda-ogrenciler-hamlelerini-yaristirdi","status":"publish","type":"post","link":"https:\/\/www.egemtv.com\/?p=32124","title":{"rendered":"B\u00fcy\u00fck\u015fehir\u2019in satran\u00e7 turnuvas\u0131nda \u00f6\u011frenciler hamlelerini yar\u0131\u015ft\u0131rd\u0131"},"content":{"rendered":"<p>Ayd\u0131n B\u00fcy\u00fck\u015fehir Belediyesi taraf\u0131ndan d\u00fczenlenen Geleneksel Satran\u00e7 Turnuvas\u0131 bu y\u0131l da heyecan dolu anlara sahne oldu.<\/p>\n<p>Y\u00fcksel Yalova K\u00fclt\u00fcr Merkezi\u2019nde d\u00fczenlenen turnuvaya Ayd\u0131n B\u00fcy\u00fck\u015fehir Belediyesi K\u00fclt\u00fcr Merkezleri\u2019nde satran\u00e7 bran\u015f\u0131nda ba\u015far\u0131l\u0131 olan \u00e7ocuklar kat\u0131ld\u0131. Birbirleriyle yar\u0131\u015fan \u00f6\u011frenciler h\u00fcnerlerini sergilerken b\u00fcy\u00fck heyecan ya\u015fad\u0131. Yo\u011fun kat\u0131l\u0131mla ger\u00e7ekle\u015fen turnuvan\u0131n sonunda ba\u015far\u0131l\u0131 olan minik satran\u00e7 ustalar\u0131na \u00e7e\u015fitli hediyeler arma\u011fan edildi, kat\u0131l\u0131m belgesi verildi.<\/p>\n<p>\u00c7ocuklar\u0131n ve gen\u00e7lerin e\u011fitimlerine destek olmak amac\u0131yla d\u00fczenlenen etkinliklerin devam edece\u011fini belirten Ayd\u0131n B\u00fcy\u00fck\u015fehir Belediye Ba\u015fkan\u0131 \u00d6zlem \u00c7er\u00e7io\u011flu, &#8220;G\u00fczel Ayd\u0131n\u0131m\u0131zda ya\u015fayan t\u00fcm evlatlar\u0131m\u0131z\u0131n e\u011fitimlerine destek olmak amac\u0131yla ger\u00e7ekle\u015ftirdi\u011fimiz etkinliklerimizden binlerce \u00f6\u011frenci faydalan\u0131yor. E\u011fitimde f\u0131rsat e\u015fitli\u011fini sa\u011flamak, \u00f6\u011frencilerimize destek olmak i\u00e7in \u00e7al\u0131\u015fmalar\u0131m\u0131za devam edece\u011fiz&#8221; ifadelerini kulland\u0131.<br \/><\/p>\n","protected":false},"excerpt":{"rendered":"<p>Ayd\u0131n B\u00fcy\u00fck\u015fehir Belediyesi taraf\u0131ndan d\u00fczenlenen Geleneksel Satran\u00e7 Turnuvas\u0131 bu y\u0131l da heyecan dolu anlara sahne oldu. Y\u00fcksel Yalova K\u00fclt\u00fcr Merkezi\u2019nde d\u00fczenlenen turnuvaya Ayd\u0131n B\u00fcy\u00fck\u015fehir Belediyesi K\u00fclt\u00fcr Merkezleri\u2019nde satran\u00e7 bran\u015f\u0131nda ba\u015far\u0131l\u0131 olan \u00e7ocuklar kat\u0131ld\u0131. Birbirleriyle yar\u0131\u015fan \u00f6\u011frenciler h\u00fcnerlerini sergilerken b\u00fcy\u00fck heyecan ya\u015fad\u0131. Yo\u011fun kat\u0131l\u0131mla ger\u00e7ekle\u015fen turnuvan\u0131n sonunda ba\u015far\u0131l\u0131 olan minik satran\u00e7 ustalar\u0131na \u00e7e\u015fitli hediyeler arma\u011fan edildi,&#8230;<\/p>\n","protected":false},"author":1,"featured_media":32125,"comment_status":"open","ping_status":"open","sticky":false,"template":"","format":"standard","meta":{"_crdt_document":"","footnotes":""},"categories":[1],"tags":[],"class_list":["post-32124","post","type-post","status-publish","format-standard","has-post-thumbnail","hentry","category-guncel"],"_links":{"self":[{"href":"https:\/\/www.egemtv.com\/index.php?rest_route=\/wp\/v2\/posts\/32124","targetHints":{"allow":["GET"]}}],"collection":[{"href":"https:\/\/www.egemtv.com\/index.php?rest_route=\/wp\/v2\/posts"}],"about":[{"href":"https:\/\/www.egemtv.com\/index.php?rest_route=\/wp\/v2\/types\/post"}],"author":[{"embeddable":true,"href":"https:\/\/www.egemtv.com\/index.php?rest_route=\/wp\/v2\/users\/1"}],"replies":[{"embeddable":true,"href":"https:\/\/www.egemtv.com\/index.php?rest_route=%2Fwp%2Fv2%2Fcomments&post=32124"}],"version-history":[{"count":1,"href":"https:\/\/www.egemtv.com\/index.php?rest_route=\/wp\/v2\/posts\/32124\/revisions"}],"predecessor-version":[{"id":32126,"href":"https:\/\/www.egemtv.com\/index.php?rest_route=\/wp\/v2\/posts\/32124\/revisions\/32126"}],"wp:featuredmedia":[{"embeddable":true,"href":"https:\/\/www.egemtv.com\/index.php?rest_route=\/wp\/v2\/media\/32125"}],"wp:attachment":[{"href":"https:\/\/www.egemtv.com\/index.php?rest_route=%2Fwp%2Fv2%2Fmedia&parent=32124"}],"wp:term":[{"taxonomy":"category","embeddable":true,"href":"https:\/\/www.egemtv.com\/index.php?rest_route=%2Fwp%2Fv2%2Fcategories&post=32124"},{"taxonomy":"post_tag","embeddable":true,"href":"https:\/\/www.egemtv.com\/index.php?rest_route=%2Fwp%2Fv2%2Ftags&post=32124"}],"curies":[{"name":"wp","href":"https:\/\/api.w.org\/{rel}","templated":true}]}}